{"id":1157115,"date":"2026-08-30T10:08:14","date_gmt":"2026-08-30T10:08:14","guid":{"rendered":"https:\/\/www.europesays.com\/fr\/1157115\/"},"modified":"2026-08-30T10:08:14","modified_gmt":"2026-08-30T10:08:14","slug":"a-partir-du-1er-septembre-le-stationnement-est-gratuit-pendant-deux-heures-a-nice-les-modalites","status":"publish","type":"post","link":"https:\/\/www.europesays.com\/fr\/1157115\/","title":{"rendered":"\u00c0 partir du 1er septembre, le stationnement est gratuit pendant deux heures \u00e0 Nice : les modalit\u00e9s"},"content":{"rendered":"<p>                    Par<br \/>\n        <strong><br \/>\n            <a href=\"https:\/\/actu.fr\/auteur\/manon-reinhardt\" title=\"Consulter tous les articles de Manon Reinhardt\" rel=\"nofollow noopener\" target=\"_blank\">Manon Reinhardt<\/a><br \/>\n                    <\/strong><\/p>\n<p>        Publi\u00e9 le<\/p>\n<p>            30 ao\u00fbt 2026 \u00e0 8h32        <\/p>\n<p>Avis aux automobilistes\u2009! D\u00e8s ce mardi 1er\u00a0septembre 2026, le stationnement sera gratuit pendant deux heures dans les rues de <a href=\"https:\/\/actu.fr\/nice\/\" rel=\"nofollow noopener\" target=\"_blank\">Nice<\/a> (<a href=\"https:\/\/actu.fr\/provence-alpes-cote-d-azur\/alpes-maritimes_06\" rel=\"nofollow noopener\" target=\"_blank\">Alpes-Maritimes<\/a>), contre une heure actuellement. Il s\u2019agit d\u2019une promesse de campagne du nouveau maire, \u00c9ric Ciotti. D\u2019autres nouveaut\u00e9s entrent \u00e9galement en vigueur.<\/p>\n<p>Deux heures de gratuit\u00e9, contre une auparavant<\/p>\n<p class=\" wall-content\">La mesure figurait dans son programme \u00e9lectoral. Chose promise, chose due, la nouvelle mairie conduite par <a href=\"https:\/\/actu.fr\/tag\/eric-ciotti\" rel=\"nofollow noopener\" target=\"_blank\">\u00c9ric Ciotti<\/a> a vot\u00e9, le 5\u00a0juin dernier, la gratuit\u00e9 du stationnement pendant deux heures dans toute la capitale azur\u00e9enne.<\/p>\n<p class=\" wall-content\">Elle est d\u2019une heure actuellement. Pour en b\u00e9n\u00e9ficier, <strong>il faut absolument se munir d\u2019un ticket<\/strong>. Cette nouveaut\u00e9 entre en vigueur d\u00e8s ce mardi 1er\u00a0septembre 2026. Mais ce n\u2019est pas la seule\u2009: la gratuit\u00e9 d\u00e9butera d\u00e9sormais \u00e0 19h, et non plus \u00e0 20h.<\/p>\n<p>Une grille tarifaire plus simple<\/p>\n<p class=\" wall-content\">La grille tarifaire du lundi au samedi sera aussi \u00ab\u2009uniformis\u00e9e\u2009\u00bb dans tous les quartiers afin d\u2019apporter <strong>une meilleure lisibilit\u00e9<\/strong> pour les usagers. Le stationnement sur voirie reste gratuit tous les dimanches et jours f\u00e9ri\u00e9s.<\/p>\n<p class=\" wall-content\">Lors d\u2019un point presse organis\u00e9 apr\u00e8s son \u00e9lection, l\u2019\u00e9lu s\u2019\u00e9tait f\u00e9licit\u00e9 d\u2019un \u00ab\u2009ensemble de mesures [qui] s\u2019ajoute \u00e0 notre premier geste \u00e0 destination des automobilistes\u2009\u00bb. \u00c0 noter qu\u2019<a href=\"https:\/\/actu.fr\/provence-alpes-cote-d-azur\/nice_06088\/stationnement-a-nice-les-amendes-ne-pleuvront-plus-cette-nouveaute-entre-immediatement-en-vigueur_64144609.html\" rel=\"nofollow noopener\" target=\"_blank\">une tol\u00e9rance de 15\u00a0minutes lors de la prise du ticket<\/a> a \u00e9galement \u00e9t\u00e9 instaur\u00e9e.<\/p>\n<p class=\" wall-content\">Personnalisez votre actualit\u00e9 en ajoutant vos villes et m\u00e9dias en favori avec <a href=\"https:\/\/moncompte.actu.fr\" title=\"D\u00e9couvez Mon Actu\" rel=\"nofollow noopener\" data-trk=\"{&quot;cta&quot;:{&quot;action&quot;:&quot;https:\\\/\\\/moncompte.actu.fr&quot;,&quot;category&quot;:&quot;mon compte&quot;,&quot;from&quot;:&quot;article footer&quot;,&quot;name&quot;:&quot;Mon actu&quot;,&quot;type&quot;:&quot;cta&quot;}}\" target=\"_blank\">Mon Actu<\/a>.<\/p>\n","protected":false},"excerpt":{"rendered":"Par Manon Reinhardt Publi\u00e9 le 30 ao\u00fbt 2026 \u00e0 8h32 Avis aux automobilistes\u2009! D\u00e8s ce mardi 1er\u00a0septembre 2026,&hellip;\n","protected":false},"author":2,"featured_media":610069,"comment_status":"","ping_status":"","sticky":false,"template":"","format":"standard","meta":{"footnotes":"","_share_on_mastodon":"0"},"categories":[2819],"tags":[1111,11,1261,3542,1777,674,1011,27,12,2401,882,25,104,6173],"class_list":["post-1157115","post","type-post","status-publish","format-standard","has-post-thumbnail","category-nice","tag-actu","tag-actualites","tag-argent","tag-circulation","tag-eu","tag-europe","tag-fr","tag-france","tag-news","tag-nice","tag-provence-alpes-cote-dazur","tag-republique-francaise","tag-societe","tag-stationnement"],"share_on_mastodon":{"url":"https:\/\/pubeurope.com\/@fr\/117183912947486609","error":""},"_links":{"self":[{"href":"https:\/\/www.europesays.com\/fr\/wp-json\/wp\/v2\/posts\/1157115","targetHints":{"allow":["GET"]}}],"collection":[{"href":"https:\/\/www.europesays.com\/fr\/wp-json\/wp\/v2\/posts"}],"about":[{"href":"https:\/\/www.europesays.com\/fr\/wp-json\/wp\/v2\/types\/post"}],"author":[{"embeddable":true,"href":"https:\/\/www.europesays.com\/fr\/wp-json\/wp\/v2\/users\/2"}],"replies":[{"embeddable":true,"href":"https:\/\/www.europesays.com\/fr\/wp-json\/wp\/v2\/comments?post=1157115"}],"version-history":[{"count":0,"href":"https:\/\/www.europesays.com\/fr\/wp-json\/wp\/v2\/posts\/1157115\/revisions"}],"wp:featuredmedia":[{"embeddable":true,"href":"https:\/\/www.europesays.com\/fr\/wp-json\/wp\/v2\/media\/610069"}],"wp:attachment":[{"href":"https:\/\/www.europesays.com\/fr\/wp-json\/wp\/v2\/media?parent=1157115"}],"wp:term":[{"taxonomy":"category","embeddable":true,"href":"https:\/\/www.europesays.com\/fr\/wp-json\/wp\/v2\/categories?post=1157115"},{"taxonomy":"post_tag","embeddable":true,"href":"https:\/\/www.europesays.com\/fr\/wp-json\/wp\/v2\/tags?post=1157115"}],"curies":[{"name":"wp","href":"https:\/\/api.w.org\/{rel}","templated":true}]}}