{"id":1157133,"date":"2026-08-30T10:27:14","date_gmt":"2026-08-30T10:27:14","guid":{"rendered":"https:\/\/www.europesays.com\/fr\/1157133\/"},"modified":"2026-08-30T10:27:14","modified_gmt":"2026-08-30T10:27:14","slug":"le-tireur-ouvre-le-feu-sur-des-personnes-a-la-terrasse-dun-bar-un-mort-et-quatre-blesses-dans-une-fusillade-en-plein-centre-ville","status":"publish","type":"post","link":"https:\/\/www.europesays.com\/fr\/1157133\/","title":{"rendered":"Le tireur ouvre le feu sur des personnes \u00e0 la terrasse d\u2019un bar\u00a0: un mort et quatre bless\u00e9s dans une fusillade en plein centre-ville"},"content":{"rendered":"<p>\n                                                                Un jeune homme de 20 ans a \u00e9t\u00e9 tu\u00e9 et quatre personnes ont \u00e9t\u00e9 bless\u00e9es samedi soir lors d\u2019une fusillade dans le 3e arrondissement de Marseille. Le tireur, en fuite, a cibl\u00e9 la terrasse d\u2019un bar rue d\u2019Amiens. Le parquet a ouvert une enqu\u00eate pour meurtre en bande organis\u00e9e li\u00e9 au narcobanditisme.\n                            <\/p>\n<p>Un jeune homme a \u00e9t\u00e9 tu\u00e9 et quatre bless\u00e9s samedi soir dans le 3e arrondissement de Marseille par un tireur en deux-roues qui a pris la fuite, a-t-on appris dimanche de sources polici\u00e8res et judiciaires.<\/p>\n<p>Le tireur, passager du deux-roues, a fait feu peu apr\u00e8s minuit, sur des personnes \u00e0 la terrasse d\u2019un bar. L\u2019une d\u2019elles est d\u00e9c\u00e9d\u00e9e, et parmi les quatre bless\u00e9s, l\u2019un a son pronostic vital engag\u00e9, a-t-on pr\u00e9cis\u00e9 de m\u00eames sources.<\/p>\n<p>Selon les marins-pompiers de Marseille, la victime d\u00e9c\u00e9d\u00e9e est un homme de 20 ans, et l\u2019un des bless\u00e9s, \u00ab\u00a0a priori mineur\u00a0\u00bb, a pris la fuite. Les trois autres bless\u00e9s, \u00e2g\u00e9s de 18 \u00e0 23 ans, ont \u00e9t\u00e9 hospitalis\u00e9s, dont deux en urgence absolue.<\/p>\n<p>Le parquet de Marseille a indiqu\u00e9 \u00e0 l\u2019AFP avoir ouvert \u00ab\u00a0une enqu\u00eate en flagrance des chefs de meurtre, tentative de meurtre en bande organis\u00e9e et association de malfaiteurs\u00a0\u00bb.<\/p>\n<p>La fusillade s\u2019est d\u00e9roul\u00e9e rue d\u2019Amiens, non loin de la cit\u00e9 Bel Horizon, connue pour abriter plusieurs points de deal disput\u00e9s.<\/p>\n<p>Mardi dernier, un homme d\u2019une cinquantaine d\u2019ann\u00e9es avait d\u00e9j\u00e0 \u00e9t\u00e9 pris pour cible dans ce m\u00eame quartier par deux hommes en scooter qui avaient pris la fuite apr\u00e8s avoir fait feu \u00e0 plusieurs reprises. La victime, gri\u00e8vement bless\u00e9e \u00e0 l\u2019aine et au bras, avait \u00e9t\u00e9 hospitalis\u00e9e avec un pronostic vital engag\u00e9.<\/p>\n<p>\u00ab\u00a0Une guerre des territoires\u00a0\u00bb<\/p>\n<p>Selon les donn\u00e9es officielles, le narcobanditisme a co\u00fbt\u00e9 la vie \u00e0 17 personnes en 2025 \u00e0 Marseille, un chiffre en baisse par rapport aux pr\u00e9c\u00e9dentes ann\u00e9es.<\/p>\n<p>Si les points de deal ont largement diminu\u00e9 dans les quartiers nord de la ville, ils se sont multipli\u00e9s dans le centre-ville, notamment dans le quartier de la gare Saint-Charles, situ\u00e9e entre les 1er et 3e arrondissements.<\/p>\n<p>En d\u00e9but d\u2019ann\u00e9e, le procureur de Marseille Nicolas Bessone avait \u00e9voqu\u00e9 \u00ab\u00a0une guerre de territoires dans le 3e arrondissement entre une organisation issue de cet arrondissement et tr\u00e8s fortement implant\u00e9e et l\u2019organisation criminelle h\u00e9g\u00e9monique sur Marseille qui a des vell\u00e9it\u00e9s d\u2019y rentrer\u00a0\u00bb, dans une claire allusion \u00e0 la DZ Mafia.<\/p>\n","protected":false},"excerpt":{"rendered":"Un jeune homme de 20 ans a \u00e9t\u00e9 tu\u00e9 et quatre personnes ont \u00e9t\u00e9 bless\u00e9es samedi soir lors&hellip;\n","protected":false},"author":2,"featured_media":1157134,"comment_status":"","ping_status":"","sticky":false,"template":"","format":"standard","meta":{"footnotes":"","_share_on_mastodon":"0"},"categories":[2814],"tags":[1111,11,885,1777,674,118,1011,27,884,12,882,25],"class_list":["post-1157133","post","type-post","status-publish","format-standard","has-post-thumbnail","category-marseille","tag-actu","tag-actualites","tag-bouches-du-rhone","tag-eu","tag-europe","tag-faits-divers","tag-fr","tag-france","tag-marseille","tag-news","tag-provence-alpes-cote-dazur","tag-republique-francaise"],"share_on_mastodon":{"url":"https:\/\/pubeurope.com\/@fr\/117183987552811619","error":""},"_links":{"self":[{"href":"https:\/\/www.europesays.com\/fr\/wp-json\/wp\/v2\/posts\/1157133","targetHints":{"allow":["GET"]}}],"collection":[{"href":"https:\/\/www.europesays.com\/fr\/wp-json\/wp\/v2\/posts"}],"about":[{"href":"https:\/\/www.europesays.com\/fr\/wp-json\/wp\/v2\/types\/post"}],"author":[{"embeddable":true,"href":"https:\/\/www.europesays.com\/fr\/wp-json\/wp\/v2\/users\/2"}],"replies":[{"embeddable":true,"href":"https:\/\/www.europesays.com\/fr\/wp-json\/wp\/v2\/comments?post=1157133"}],"version-history":[{"count":0,"href":"https:\/\/www.europesays.com\/fr\/wp-json\/wp\/v2\/posts\/1157133\/revisions"}],"wp:featuredmedia":[{"embeddable":true,"href":"https:\/\/www.europesays.com\/fr\/wp-json\/wp\/v2\/media\/1157134"}],"wp:attachment":[{"href":"https:\/\/www.europesays.com\/fr\/wp-json\/wp\/v2\/media?parent=1157133"}],"wp:term":[{"taxonomy":"category","embeddable":true,"href":"https:\/\/www.europesays.com\/fr\/wp-json\/wp\/v2\/categories?post=1157133"},{"taxonomy":"post_tag","embeddable":true,"href":"https:\/\/www.europesays.com\/fr\/wp-json\/wp\/v2\/tags?post=1157133"}],"curies":[{"name":"wp","href":"https:\/\/api.w.org\/{rel}","templated":true}]}}