{"id":1157142,"date":"2026-08-30T10:35:02","date_gmt":"2026-08-30T10:35:02","guid":{"rendered":"https:\/\/www.europesays.com\/fr\/1157142\/"},"modified":"2026-08-30T10:35:02","modified_gmt":"2026-08-30T10:35:02","slug":"rennes-declare-la-guerre-au-paris-saint-germain","status":"publish","type":"post","link":"https:\/\/www.europesays.com\/fr\/1157142\/","title":{"rendered":"Rennes d\u00e9clare la guerre au Paris Saint-Germain"},"content":{"rendered":"<p class=\"mb-4 text-lg md:leading-8 break-words\">Une crise de stade se transforme en bataille<\/p>\n<p class=\"mb-4 text-lg md:leading-8 break-words\">La \u00ab crise de la pelouse \u00bb continue de peser sur le football fran\u00e7ais, apr\u00e8s la d\u00e9cision de d\u00e9localiser la rencontre entre le Paris Saint-Germain et le Stade Rennais, comptant pour la premi\u00e8re journ\u00e9e de Ligue 1, afin qu&rsquo;elle se dispute dans le stade de ce dernier.<\/p>\n<p class=\"mb-4 text-lg md:leading-8 break-words\">Rennes a pr\u00e9cis\u00e9 qu&rsquo;il suivrait de pr\u00e8s la d\u00e9cision de la Ligue de football professionnel concernant le match retour. Le club de la capitale avait obtenu l&rsquo;autorisation de d\u00e9localiser sa premi\u00e8re rencontre de la comp\u00e9tition en raison de l&rsquo;impraticabilit\u00e9 de la pelouse du Parc des Princes provoqu\u00e9e par la canicule, Rennes ayant r\u00e9ussi \u00e0 organiser l&rsquo;accueil du champion d&rsquo;Europe en seulement quatre jours dans un match qui s&rsquo;est achev\u00e9 dimanche dernier sur un nul (2-2), \u00e0 condition que le calendrier du match retour ne soit pas modifi\u00e9. Le club a affirm\u00e9 que la canicule avait touch\u00e9 toute la France et que la d\u00e9gradation de la pelouse du stade parisien \u00e9tait due \u00e0 la n\u00e9gligence, tout en soulignant son refus cat\u00e9gorique de d\u00e9localiser la rencontre de la 23e journ\u00e9e, pr\u00e9vue en mars 2027.<\/p>\n<p class=\"mb-4 text-lg md:leading-8 break-words\">Malgr\u00e9 la position ferme de Rennes, la commission des comp\u00e9titions de la Ligue a officiellement annonc\u00e9 que le match de la 23e journ\u00e9e entre les deux \u00e9quipes se disputerait au Parc des Princes. Son communiqu\u00e9 officiel pr\u00e9cise : \u00ab Concernant le match de la premi\u00e8re journ\u00e9e de Ligue 1 entre le Paris Saint-Germain et le Stade Rennais, dont le lieu a \u00e9t\u00e9 d\u00e9localis\u00e9 le 19 ao\u00fbt, la commission des comp\u00e9titions a d\u00e9cid\u00e9 d&rsquo;infliger au Paris Saint-Germain une amende de 150 000 euros, conform\u00e9ment \u00e0 l&rsquo;article 501.4 du r\u00e8glement des comp\u00e9titions de la Ligue relatif aux obligations des clubs en mati\u00e8re de pr\u00e9paration du stade et de mise \u00e0 disposition de terrains de substitution. Quant au match de la 23e journ\u00e9e entre le Stade Rennais et le Paris Saint-Germain, il a \u00e9t\u00e9 d\u00e9cid\u00e9 d&rsquo;en d\u00e9localiser le lieu afin qu&rsquo;il se dispute au Parc des Princes. \u00bb<\/p>\n<p class=\"mb-4 text-lg md:leading-8 break-words\">Vous pouvez discuter plus en profondeur des sujets et des actualit\u00e9s sur les forums de Kooora<\/p>\n<p class=\"mb-4 text-lg md:leading-8 break-words\">Cette d\u00e9cision a suscit\u00e9 des r\u00e9actions de col\u00e8re dans les couloirs du Stade Rennais. L&rsquo;entra\u00eeneur Frank Haise a comment\u00e9 avec concision et ironie lors de la conf\u00e9rence de presse consacr\u00e9e \u00e0 la rencontre face au Mans dimanche prochain : \u00ab Peut-\u00eatre que le pays conna\u00eetra une canicule en mars prochain, et je laisserai le club r\u00e9pondre. \u00bb La r\u00e9ponse de la direction ne s&rsquo;est pas fait attendre, puisque le club a publi\u00e9 un communiqu\u00e9 sur son <a data-ylk=\"slk:site officiel;elm:context_link;itc:0;sec:content-canvas;\" data-yga=\"{&quot;yLinkElement&quot;:&quot;link&quot;,&quot;yLinkElementType&quot;:&quot;article_link&quot;}\" href=\"https:\/\/www.staderennais.com\/actualites\/club\/reaction-a-la-decision-de-la-commission-des-competitions\" rel=\"noopener noreferrer nofollow\" target=\"_blank\">site officiel<\/a>, dans lequel il a affirm\u00e9 sa volont\u00e9 de ne pas rester les bras crois\u00e9s et de contester la d\u00e9cision.<\/p>\n<p class=\"mb-4 text-lg md:leading-8 break-words\">Dans son communiqu\u00e9 officiel, Rennes a affirm\u00e9 : \u00ab Le Stade Rennais a pris connaissance de la d\u00e9cision de la commission des comp\u00e9titions de d\u00e9localiser le match Stade Rennais &#8211; Paris Saint-Germain pr\u00e9vu lors de la 23e journ\u00e9e de Ligue 1, qui se disputera par cons\u00e9quent au Parc des Princes. Dans l&rsquo;attente de la r\u00e9ception de la d\u00e9cision compl\u00e8te et de ses motifs, le Stade Rennais \u00e9tudie actuellement la possibilit\u00e9 de saisir la commission de conciliation du Comit\u00e9 national olympique et sportif fran\u00e7ais afin de d\u00e9fendre ses droits. \u00bb<\/p>\n","protected":false},"excerpt":{"rendered":"Une crise de stade se transforme en bataille La \u00ab crise de la pelouse \u00bb continue de peser&hellip;\n","protected":false},"author":2,"featured_media":1157143,"comment_status":"","ping_status":"","sticky":false,"template":"","format":"standard","meta":{"footnotes":"","_share_on_mastodon":"0"},"categories":[1888],"tags":[1111,1928,11,1927,118567,1446,118568,1777,674,1011,27,118569,118566,12,1926,626,1925,25],"class_list":["post-1157142","post","type-post","status-publish","format-standard","has-post-thumbnail","category-paris","tag-actu","tag-actu-paris","tag-actualites","tag-actualites-paris","tag-competitions-de-la-ligue","tag-dans","tag-dispute-dans-le-stade-de-ce-dernier","tag-eu","tag-europe","tag-fr","tag-france","tag-la-reponse-de-la","tag-ne-sest-pas-fait-attendre","tag-news","tag-news-paris","tag-paris","tag-paris-news","tag-republique-francaise"],"share_on_mastodon":{"url":"https:\/\/pubeurope.com\/@fr\/117184019026664498","error":""},"_links":{"self":[{"href":"https:\/\/www.europesays.com\/fr\/wp-json\/wp\/v2\/posts\/1157142","targetHints":{"allow":["GET"]}}],"collection":[{"href":"https:\/\/www.europesays.com\/fr\/wp-json\/wp\/v2\/posts"}],"about":[{"href":"https:\/\/www.europesays.com\/fr\/wp-json\/wp\/v2\/types\/post"}],"author":[{"embeddable":true,"href":"https:\/\/www.europesays.com\/fr\/wp-json\/wp\/v2\/users\/2"}],"replies":[{"embeddable":true,"href":"https:\/\/www.europesays.com\/fr\/wp-json\/wp\/v2\/comments?post=1157142"}],"version-history":[{"count":0,"href":"https:\/\/www.europesays.com\/fr\/wp-json\/wp\/v2\/posts\/1157142\/revisions"}],"wp:featuredmedia":[{"embeddable":true,"href":"https:\/\/www.europesays.com\/fr\/wp-json\/wp\/v2\/media\/1157143"}],"wp:attachment":[{"href":"https:\/\/www.europesays.com\/fr\/wp-json\/wp\/v2\/media?parent=1157142"}],"wp:term":[{"taxonomy":"category","embeddable":true,"href":"https:\/\/www.europesays.com\/fr\/wp-json\/wp\/v2\/categories?post=1157142"},{"taxonomy":"post_tag","embeddable":true,"href":"https:\/\/www.europesays.com\/fr\/wp-json\/wp\/v2\/tags?post=1157142"}],"curies":[{"name":"wp","href":"https:\/\/api.w.org\/{rel}","templated":true}]}}