{"id":115715,"date":"2025-05-21T01:43:17","date_gmt":"2025-05-21T01:43:17","guid":{"rendered":"https:\/\/www.europesays.com\/fr\/115715\/"},"modified":"2025-05-21T01:43:17","modified_gmt":"2025-05-21T01:43:17","slug":"une-joggeuse-percutee-sur-la-voie-pietonne-des-berges-du-rhone-par-un-homme-ivre-en-scooter","status":"publish","type":"post","link":"https:\/\/www.europesays.com\/fr\/115715\/","title":{"rendered":"une joggeuse percut\u00e9e sur la voie pi\u00e9tonne des berges du Rh\u00f4ne par un homme ivre en scooter"},"content":{"rendered":"<p>Une jeune femme \u00e2g\u00e9e de 28 ans faisait son jogging sur la voie pi\u00e9tonne des berges du Rh\u00f4ne \u00e0 Lyon, ce dimanche, quand elle a \u00e9t\u00e9 percut\u00e9e par l\u2019arri\u00e8re par un conducteur de scooter. Ivre ce dernier a fonc\u00e9 dans un arbre 50 m\u00e8tres plus loin.<\/p>\n<p class=\"fig-paragraph\">Les policiers ont \u00e9t\u00e9 appel\u00e9s ce dimanche vers 19h15 sur les berges du Rh\u00f4ne apr\u00e8s\u00a0<a href=\"http:\/\/www.lefigaro.fr\/faits-divers\/disparition-d-une-joggeuse-dans-la-vienne-le-corps-d-agathe-28-ans-a-ete-retrouve-20250505\" data-fig-type=\"NewsFlash\" data-gtm-custom-categorie=\"navigation\" data-gtm-custom-action=\"crossclick\" data-gtm-custom-label=\"Contextuel\" data-gtm-event=\"customEventSPE\" data-fig-domain=\"LEFIGARO\" target=\"_blank\" rel=\"noopener\">un accident survenu entre un conducteur de scooter et une joggeuse<\/a>. La victime, \u00e2g\u00e9e de 28 ans, expliquait aux forces de l\u2019ordre qu\u2019elle faisait son jogging quand elle a \u00e9t\u00e9\u00a0<a href=\"http:\/\/www.lefigaro.fr\/nice\/narcotrafic-a-nice-un-homme-de-28-ans-abattu-par-balles-par-deux-hommes-a-scooter-20250414\" data-fig-type=\"NewsFlash\" data-gtm-custom-categorie=\"navigation\" data-gtm-custom-action=\"crossclick\" data-gtm-custom-label=\"Contextuel\" data-gtm-event=\"customEventSPE\" data-fig-domain=\"LEFIGARO\" target=\"_blank\" rel=\"noopener\">percut\u00e9e par l\u2019arri\u00e8re par un homme conduisant un scooter<\/a>. Le suspect a \u00e9t\u00e9 retrouv\u00e9 accident\u00e9 50 m\u00e8tres plus loin apr\u00e8s avoir fonc\u00e9 dans un arbre.<\/p>\n<p class=\"fig-paragraph\">Plusieurs t\u00e9moins ont confirm\u00e9 les faits. Sur place, les policiers ont constat\u00e9 que le scooter n\u2019\u00e9tait pas assur\u00e9 et que son conducteur, un homme de 26 ans, n\u2019\u00e9tait pas titulaire du permis deux-roues. Il \u00e9tait par ailleurs en \u00e9tat visible d\u2019\u00e9bri\u00e9t\u00e9. Les analyses ont relev\u00e9 un taux d\u2019alcool de 1,73g\/L de sang.<\/p>\n<p class=\"fig-paragraph\">Tr\u00e8s d\u00e9favorablement connu des services de police, il a \u00e9t\u00e9 plac\u00e9 en garde \u00e0 vue vers 23h. Lors de son audition, il a partiellement reconnu les faits. La victime a, elle, \u00e9t\u00e9 transport\u00e9e \u00e0 l\u2019h\u00f4pital dans un \u00e9tat qui ne suscitait pas d\u2019inqui\u00e9tude. Elle a d\u00e9pos\u00e9 plainte.<\/p>\n","protected":false},"excerpt":{"rendered":"Une jeune femme \u00e2g\u00e9e de 28 ans faisait son jogging sur la voie pi\u00e9tonne des berges du Rh\u00f4ne&hellip;\n","protected":false},"author":2,"featured_media":115716,"comment_status":"","ping_status":"","sticky":false,"template":"","format":"standard","meta":{"footnotes":""},"categories":[1889],"tags":[119,1111,11,5273,5702,2430,5299,5272,5312,5296,5285,1777,674,5293,1011,27,5303,5311,5301,8309,5279,5275,5313,5276,5300,5302,5280,5298,5281,5306,5305,5308,5309,5284,5294,5297,5269,5271,5268,5270,5267,2428,5295,5307,5277,5304,5283,12,978,5274,25,2431,5314,5288,5292,5289,5291,5290,5315,5282,5286,5310,5287,5278],"class_list":{"0":"post-115715","1":"post","2":"type-post","3":"status-publish","4":"format-standard","5":"has-post-thumbnail","7":"category-lyon","8":"tag-accident","9":"tag-actu","10":"tag-actualites","11":"tag-ainay","12":"tag-alcool","13":"tag-auvergne-rhone-alpes","14":"tag-bellecombe","15":"tag-bellecour","16":"tag-champvert-nord","17":"tag-champvert-sud","18":"tag-clos-jouve","19":"tag-eu","20":"tag-europe","21":"tag-fourviere","22":"tag-fr","23":"tag-france","24":"tag-gerland","25":"tag-gorge-de-loup","26":"tag-jean-mace","27":"tag-jogging","28":"tag-la-buire","29":"tag-la-confluence","30":"tag-la-duchere","31":"tag-la-guillotiere-nord-prefecture","32":"tag-la-guillotiere-sud","33":"tag-la-mouche","34":"tag-la-part-dieu","35":"tag-la-tete-dor","36":"tag-la-villette","37":"tag-laennec","38":"tag-le-bachut","39":"tag-le-grand-trou","40":"tag-le-moulin-a-vent","41":"tag-le-plateau-de-la-croix-rousse","42":"tag-le-point-du-jour","43":"tag-les-brotteaux","44":"tag-les-chartreux","45":"tag-les-cordeliers","46":"tag-les-pentes-de-la-croix-rousse","47":"tag-les-terreaux","48":"tag-les-traboules","49":"tag-lyon","50":"tag-menival","51":"tag-mermoz","52":"tag-moncey","53":"tag-monplaisir","54":"tag-montchat","55":"tag-news","56":"tag-olympique-lyonnais","57":"tag-perrache","58":"tag-republique-francaise","59":"tag-rhone-alpes","60":"tag-rochecardon-industrie","61":"tag-saint-georges","62":"tag-saint-irenee","63":"tag-saint-jean","64":"tag-saint-just","65":"tag-saint-paul","66":"tag-saint-rambert-lile-barbe","67":"tag-sans-souci-dauphine","68":"tag-serin-saint-charles","69":"tag-vaise","70":"tag-vieux-lyon","71":"tag-voltaire"},"share_on_mastodon":{"url":"","error":"Validation failed: Text character limit of 500 exceeded"},"_links":{"self":[{"href":"https:\/\/www.europesays.com\/fr\/wp-json\/wp\/v2\/posts\/115715","targetHints":{"allow":["GET"]}}],"collection":[{"href":"https:\/\/www.europesays.com\/fr\/wp-json\/wp\/v2\/posts"}],"about":[{"href":"https:\/\/www.europesays.com\/fr\/wp-json\/wp\/v2\/types\/post"}],"author":[{"embeddable":true,"href":"https:\/\/www.europesays.com\/fr\/wp-json\/wp\/v2\/users\/2"}],"replies":[{"embeddable":true,"href":"https:\/\/www.europesays.com\/fr\/wp-json\/wp\/v2\/comments?post=115715"}],"version-history":[{"count":0,"href":"https:\/\/www.europesays.com\/fr\/wp-json\/wp\/v2\/posts\/115715\/revisions"}],"wp:featuredmedia":[{"embeddable":true,"href":"https:\/\/www.europesays.com\/fr\/wp-json\/wp\/v2\/media\/115716"}],"wp:attachment":[{"href":"https:\/\/www.europesays.com\/fr\/wp-json\/wp\/v2\/media?parent=115715"}],"wp:term":[{"taxonomy":"category","embeddable":true,"href":"https:\/\/www.europesays.com\/fr\/wp-json\/wp\/v2\/categories?post=115715"},{"taxonomy":"post_tag","embeddable":true,"href":"https:\/\/www.europesays.com\/fr\/wp-json\/wp\/v2\/tags?post=115715"}],"curies":[{"name":"wp","href":"https:\/\/api.w.org\/{rel}","templated":true}]}}