{"id":1157155,"date":"2026-08-30T10:43:19","date_gmt":"2026-08-30T10:43:19","guid":{"rendered":"https:\/\/www.europesays.com\/fr\/1157155\/"},"modified":"2026-08-30T10:43:19","modified_gmt":"2026-08-30T10:43:19","slug":"preis-des-auktionshauses-eppli-baden-baden-allemagne-30-08-2026-partants-pronostics-et-resultats-en-videos-course-5","status":"publish","type":"post","link":"https:\/\/www.europesays.com\/fr\/1157155\/","title":{"rendered":"PREIS DES AUKTIONSHAUSES EPPLI &#8211; BADEN-BADEN (Allemagne) &#8211; 30\/08\/2026 : partants, pronostics et r\u00e9sultats en vid\u00e9os &#8211; Course 5"},"content":{"rendered":"<p _ngcontent-serverapp-c2764344627=\"\" class=\"ticket-prono--analysis--description--title\"> Notre avis : LAETITIA (9) <\/p>\n<p>Convaincante laur\u00e9ate \u00e0 Hambourg, elle effectue des d\u00e9buts attendus dans les handicaps.<\/p>\n<p _ngcontent-serverapp-c2764344627=\"\" class=\"ticket-prono--analysis--description--title\"> L&rsquo;analyse de la course <\/p>\n<p>LAETITIA (9) vient d&rsquo;ouvrir son palmar\u00e8s dans une course \u00e0 conditions et s&rsquo;\u00e9lancera au d\u00e9part de son premier handicap avec de nombreux partisans. Vrai cheval de tenue, SINDBAD (4) semble lui aussi en mesure de s&rsquo;\u00e9panouir \u00e0 ce niveau de comp\u00e9tition. R\u00e9gulier, BLACK PHANTOM (5) va tenter d&rsquo;\u00eatre rallong\u00e9 avec bonheur. SARALINA (6) viendra ensuite.<\/p>\n","protected":false},"excerpt":{"rendered":"Notre avis : LAETITIA (9) Convaincante laur\u00e9ate \u00e0 Hambourg, elle effectue des d\u00e9buts attendus dans les handicaps. L&rsquo;analyse&hellip;\n","protected":false},"author":2,"featured_media":57877,"comment_status":"","ping_status":"","sticky":false,"template":"","format":"standard","meta":{"footnotes":"","_share_on_mastodon":"0"},"categories":[1587],"tags":[11,672,1804,1805,1803,1777,674,1801,12,1802],"class_list":["post-1157155","post","type-post","status-publish","format-standard","has-post-thumbnail","category-allemagne","tag-actualites","tag-allemagne","tag-bundesrepublik-deutschland","tag-de","tag-deutschland","tag-eu","tag-europe","tag-germany","tag-news","tag-republique-federale-dallemagne"],"share_on_mastodon":{"url":"https:\/\/pubeurope.com\/@fr\/117184050313223362","error":""},"_links":{"self":[{"href":"https:\/\/www.europesays.com\/fr\/wp-json\/wp\/v2\/posts\/1157155","targetHints":{"allow":["GET"]}}],"collection":[{"href":"https:\/\/www.europesays.com\/fr\/wp-json\/wp\/v2\/posts"}],"about":[{"href":"https:\/\/www.europesays.com\/fr\/wp-json\/wp\/v2\/types\/post"}],"author":[{"embeddable":true,"href":"https:\/\/www.europesays.com\/fr\/wp-json\/wp\/v2\/users\/2"}],"replies":[{"embeddable":true,"href":"https:\/\/www.europesays.com\/fr\/wp-json\/wp\/v2\/comments?post=1157155"}],"version-history":[{"count":0,"href":"https:\/\/www.europesays.com\/fr\/wp-json\/wp\/v2\/posts\/1157155\/revisions"}],"wp:featuredmedia":[{"embeddable":true,"href":"https:\/\/www.europesays.com\/fr\/wp-json\/wp\/v2\/media\/57877"}],"wp:attachment":[{"href":"https:\/\/www.europesays.com\/fr\/wp-json\/wp\/v2\/media?parent=1157155"}],"wp:term":[{"taxonomy":"category","embeddable":true,"href":"https:\/\/www.europesays.com\/fr\/wp-json\/wp\/v2\/categories?post=1157155"},{"taxonomy":"post_tag","embeddable":true,"href":"https:\/\/www.europesays.com\/fr\/wp-json\/wp\/v2\/tags?post=1157155"}],"curies":[{"name":"wp","href":"https:\/\/api.w.org\/{rel}","templated":true}]}}