{"id":1157156,"date":"2026-08-30T10:44:17","date_gmt":"2026-08-30T10:44:17","guid":{"rendered":"https:\/\/www.europesays.com\/fr\/1157156\/"},"modified":"2026-08-30T10:44:17","modified_gmt":"2026-08-30T10:44:17","slug":"otan-3-0-le-pentagone-conditionne-son-maintien-en-europe-a-un-questionnaire-de-loyaute-envoye-aux-allies","status":"publish","type":"post","link":"https:\/\/www.europesays.com\/fr\/1157156\/","title":{"rendered":"OTAN 3.0 : le Pentagone conditionne son maintien en Europe \u00e0 un questionnaire de loyaut\u00e9 envoy\u00e9 aux alli\u00e9s"},"content":{"rendered":"<p class=\"wp-block-paragraph\">Un haut responsable du Pentagone s\u2019est rendu au si\u00e8ge de l\u2019OTAN \u00e0 Bruxelles le 27 ao\u00fbt pour \u00e9valuer, pays par pays, la capacit\u00e9 \u2014 et la volont\u00e9 politique \u2014 des Europ\u00e9ens \u00e0 reprendre en main leur propre d\u00e9fense. Derri\u00e8re cette visite se cache un document autrement plus sensible : un questionnaire envoy\u00e9 aux alli\u00e9s, dont la date limite de r\u00e9ponse \u00e9tait fix\u00e9e \u00e0 vendredi 29 ao\u00fbt, qui leur demande explicitement s\u2019ils ont \u00e9t\u00e9 \u00ab publiquement favorables \u00bb \u00e0 la politique \u00e9trang\u00e8re de Donald Trump. L\u2019\u00e9pisode marque une nouvelle \u00e9tape dans la r\u00e9organisation, engag\u00e9e depuis l\u2019\u00e9t\u00e9, du dispositif militaire am\u00e9ricain sur le continent europ\u00e9en.<\/p>\n<p>Un questionnaire qui interroge la loyaut\u00e9 politique des alli\u00e9s<\/p>\n<p class=\"wp-block-paragraph\">Elbridge Colby, secr\u00e9taire adjoint \u00e0 la D\u00e9fense charg\u00e9 de la politique \u2014 consid\u00e9r\u00e9 comme le principal architecte doctrinal du repositionnement am\u00e9ricain \u2014 a expliqu\u00e9 aux journalistes pr\u00e9sents \u00e0 Bruxelles que Washington voulait \u00ab entendre directement les alli\u00e9s, par \u00e9crit \u00bb. Au-del\u00e0 du soutien affich\u00e9 \u00e0 la ligne diplomatique de la Maison-Blanche, le questionnaire porte aussi sur les restrictions d\u2019usage impos\u00e9es aux bases militaires am\u00e9ricaines stationn\u00e9es en Europe et sur le niveau des d\u00e9penses de d\u00e9fense pass\u00e9es aupr\u00e8s d\u2019industriels am\u00e9ricains. Colby a salu\u00e9, lors de cette rencontre en pr\u00e9sence du secr\u00e9taire g\u00e9n\u00e9ral de l\u2019OTAN Mark Rutte, les \u00ab investissements extraordinaires \u00bb consentis par la Pologne, l\u2019Allemagne et les Pays-Bas.<\/p>\n<p class=\"wp-block-paragraph\">Ce document s\u2019inscrit dans un examen de six mois de la posture militaire am\u00e9ricaine en Europe, lanc\u00e9 fin juillet et dont les conclusions sont attendues avant la fin de l\u2019ann\u00e9e 2026. Objectif affich\u00e9 par Washington : \u00ab avancer et acc\u00e9l\u00e9rer \u00bb le transfert aux Europ\u00e9ens de la responsabilit\u00e9 des op\u00e9rations terrestres, a\u00e9riennes et navales conventionnelles, les \u00c9tats-Unis conservant la dissuasion nucl\u00e9aire et leurs moyens strat\u00e9giques.<\/p>\n<p>La doctrine \u00ab OTAN 3.0 \u00bb, valid\u00e9e \u00e0 Ankara<\/p>\n<p class=\"wp-block-paragraph\">Ce basculement porte un nom : \u00ab OTAN 3.0 \u00bb. Le concept, th\u00e9oris\u00e9 par Colby, a \u00e9t\u00e9 formellement valid\u00e9 lors du sommet de l\u2019Alliance tenu \u00e0 Ankara les 7 et 8 juillet 2026, o\u00f9 les pays europ\u00e9ens et le Canada se sont engag\u00e9s \u00e0 porter leur effort de d\u00e9fense \u00e0 5 % du PIB d\u2019ici 2035. Mark Rutte d\u00e9fend le dispositif, assurant qu\u2019il \u00ab rend l\u2019Alliance plus forte \u00bb et mettant en avant ce qu\u2019il pr\u00e9sente comme le r\u00e9sultat de la pression am\u00e9ricaine : plus de 50 milliards d\u2019euros de contrats de d\u00e9fense conclus en juillet 2026 et l\u2019engagement de dix pays europ\u00e9ens dans une coalition int\u00e9gr\u00e9e de d\u00e9fense antimissile. Les Europ\u00e9ens auraient, selon les chiffres cit\u00e9s par plusieurs analyses, consacr\u00e9 139 milliards de dollars \u00e0 leur d\u00e9fense l\u2019an dernier, dont 60 milliards directement investis dans des \u00e9quipements am\u00e9ricains.<\/p>\n<p class=\"wp-block-paragraph\">La critique ne se fait pas attendre du c\u00f4t\u00e9 des anciens diplomates am\u00e9ricains. Ivo Daalder, ex-ambassadeur des \u00c9tats-Unis aupr\u00e8s de l\u2019OTAN, a qualifi\u00e9 l\u2019op\u00e9ration de \u00ab rouge \u00e0 l\u00e8vres sur un cochon \u00bb, estimant que l\u2019administration Trump signale ainsi que \u00ab la s\u00e9curit\u00e9 de l\u2019Europe n\u2019a plus d\u2019importance pour la s\u00e9curit\u00e9 am\u00e9ricaine \u00bb. Des analystes pointent par ailleurs des r\u00e9ductions d\u00e9j\u00e0 engag\u00e9es dans les moyens am\u00e9ricains pr\u00e9positionn\u00e9s sur le continent \u2014 bombardiers B-52, sous-marins, chasseurs \u2014 avec un nombre d\u2019avions de combat disponibles qui serait pass\u00e9 de 150 \u00e0 100 unit\u00e9s. D\u2019autres, comme l\u2019ancien conseiller Ian Brzezinski, redoutent qu\u2019en l\u2019absence de m\u00e9diation am\u00e9ricaine, d\u2019anciennes tensions entre nations europ\u00e9ennes ne resurgissent.<\/p>\n<p>Les alli\u00e9s de l\u2019Est en premi\u00e8re ligne, la France face \u00e0 un dilemme industriel<\/p>\n<p class=\"wp-block-paragraph\">Ce sont les pays d\u2019Europe de l\u2019Est, les plus expos\u00e9s \u00e0 la menace russe, qui se montrent les plus actifs pour rassurer Washington : plusieurs ont propos\u00e9 de prendre en charge une part croissante des co\u00fbts de stationnement des troupes am\u00e9ricaines sur leur sol, dans un contexte marqu\u00e9 par la crainte d\u2019une escalade en Ukraine et par une s\u00e9rie d\u2019actes de sabotage attribu\u00e9s \u00e0 Moscou. Des exercices comme Saber Strike 26 et Amber Shock 26, organis\u00e9 en Pologne d\u00e9but mai, illustrent cette volont\u00e9 de maintenir une pr\u00e9sence am\u00e9ricaine visible sur le flanc oriental.<\/p>\n<p class=\"wp-block-paragraph\">Pour la France, l\u2019\u00e9quation est diff\u00e9rente et potentiellement plus d\u00e9licate sur le plan \u00e9conomique. Paris porte depuis plusieurs ann\u00e9es une doctrine de pr\u00e9f\u00e9rence europ\u00e9enne dans les achats d\u2019armement \u2014 via le Fonds europ\u00e9en de d\u00e9fense et les initiatives \u00ab Made in Europe \u00bb \u2014 pr\u00e9cis\u00e9ment pour r\u00e9duire la d\u00e9pendance du continent vis-\u00e0-vis de l\u2019industrie am\u00e9ricaine. Or le questionnaire du Pentagone interroge aussi, selon plusieurs comptes rendus de la rencontre bruxelloise, le niveau d\u2019achats des alli\u00e9s aupr\u00e8s des industriels am\u00e9ricains, sugg\u00e9rant un lien implicite entre loyaut\u00e9 politique, fid\u00e9lit\u00e9 \u00e0 l\u2019agenda industriel de Washington et maintien du parapluie militaire am\u00e9ricain. La ligne fran\u00e7aise de souverainet\u00e9 industrielle et technologique \u2014 d\u00e9j\u00e0 au c\u0153ur des grands contrats export de Naval Group ou de Safran ces derni\u00e8res semaines \u2014 se trouve ainsi directement mise \u00e0 l\u2019\u00e9preuve par une doctrine am\u00e9ricaine qui pourrait faire du choix entre \u00e9quipements europ\u00e9ens et am\u00e9ricains un crit\u00e8re de confiance strat\u00e9gique.<\/p>\n<p class=\"wp-block-paragraph\">Le r\u00e9sultat de la revue de posture, attendu d\u2019ici la fin de l\u2019ann\u00e9e, dira si ce bras de fer se traduit par un retrait effectif de troupes am\u00e9ricaines ou reste, comme le sugg\u00e8rent certaines analyses, un outil de pression davantage qu\u2019un d\u00e9sengagement programm\u00e9.<\/p>\n","protected":false},"excerpt":{"rendered":"Un haut responsable du Pentagone s\u2019est rendu au si\u00e8ge de l\u2019OTAN \u00e0 Bruxelles le 27 ao\u00fbt pour \u00e9valuer,&hellip;\n","protected":false},"author":2,"featured_media":1157157,"comment_status":"","ping_status":"","sticky":false,"template":"","format":"standard","meta":{"footnotes":"","_share_on_mastodon":"0"},"categories":[1586],"tags":[11,1777,674,1011,27,12,25],"class_list":["post-1157156","post","type-post","status-publish","format-standard","has-post-thumbnail","category-europe","tag-actualites","tag-eu","tag-europe","tag-fr","tag-france","tag-news","tag-republique-francaise"],"share_on_mastodon":{"url":"https:\/\/pubeurope.com\/@fr\/117184054202176928","error":""},"_links":{"self":[{"href":"https:\/\/www.europesays.com\/fr\/wp-json\/wp\/v2\/posts\/1157156","targetHints":{"allow":["GET"]}}],"collection":[{"href":"https:\/\/www.europesays.com\/fr\/wp-json\/wp\/v2\/posts"}],"about":[{"href":"https:\/\/www.europesays.com\/fr\/wp-json\/wp\/v2\/types\/post"}],"author":[{"embeddable":true,"href":"https:\/\/www.europesays.com\/fr\/wp-json\/wp\/v2\/users\/2"}],"replies":[{"embeddable":true,"href":"https:\/\/www.europesays.com\/fr\/wp-json\/wp\/v2\/comments?post=1157156"}],"version-history":[{"count":0,"href":"https:\/\/www.europesays.com\/fr\/wp-json\/wp\/v2\/posts\/1157156\/revisions"}],"wp:featuredmedia":[{"embeddable":true,"href":"https:\/\/www.europesays.com\/fr\/wp-json\/wp\/v2\/media\/1157157"}],"wp:attachment":[{"href":"https:\/\/www.europesays.com\/fr\/wp-json\/wp\/v2\/media?parent=1157156"}],"wp:term":[{"taxonomy":"category","embeddable":true,"href":"https:\/\/www.europesays.com\/fr\/wp-json\/wp\/v2\/categories?post=1157156"},{"taxonomy":"post_tag","embeddable":true,"href":"https:\/\/www.europesays.com\/fr\/wp-json\/wp\/v2\/tags?post=1157156"}],"curies":[{"name":"wp","href":"https:\/\/api.w.org\/{rel}","templated":true}]}}