{"id":115717,"date":"2025-05-21T01:46:18","date_gmt":"2025-05-21T01:46:18","guid":{"rendered":"https:\/\/www.europesays.com\/fr\/115717\/"},"modified":"2025-05-21T01:46:18","modified_gmt":"2025-05-21T01:46:18","slug":"gaza-paris-appelle-a-examiner-le-respect-par-israel-de-laccord-avec-lue-barrot-20-05-2025-a-1145","status":"publish","type":"post","link":"https:\/\/www.europesays.com\/fr\/115717\/","title":{"rendered":"Gaza: Paris appelle \u00e0 examiner le respect par Isra\u00ebl de l&rsquo;accord avec l&rsquo;UE-Barrot &#8211; 20\/05\/2025 \u00e0 11:45"},"content":{"rendered":"<p>        <img fetchpriority=\"high\" decoding=\"async\" src=\"https:\/\/www.europesays.com\/fr\/wp-content\/uploads\/2025\/05\/315386ab83364114e5b6e0388fbcf9e5-760x507.jpg\" alt=\"Les ministres fran\u00e7ais et allemand des affaires \u00e9trang\u00e8res se rencontrent \u00e0 Paris\" loading=\"eager\" width=\"760\" height=\"507\" style=\"max-width: 100%!important; height: auto;\"\/><\/p>\n<p class=\"c-image-news__legend\">Les ministres fran\u00e7ais et allemand des affaires \u00e9trang\u00e8res se rencontrent \u00e0 Paris<\/p>\n<p>\n Paris appelle la Commission europ\u00e9enne \u00e0 examiner si Isra\u00ebl respecte ou non son accord d&rsquo;association avec l&rsquo;Union europ\u00e9enne (UE) dans le cadre de son offensive militaire dans la bande de Gaza, a d\u00e9clar\u00e9 mardi Jean-No\u00ebl Barrot, ministre fran\u00e7ais de l&rsquo;Europe et des Affaires \u00e9trang\u00e8res.\n<\/p>\n<p>\n La France, le Canada et le Royaume-Uni, dans une d\u00e9claration rare et ferme, ont exhort\u00e9 lundi Isra\u00ebl \u00e0 laisser entrer l&rsquo;aide humanitaire dans la bande de Gaza et ont d\u00e9nonc\u00e9 la nouvelle offensive terrestre de l&rsquo;Etat h\u00e9breu, le mena\u00e7ant d'\u00a0\u00bbactions concr\u00e8tes\u00a0\u00bb malgr\u00e9 la lev\u00e9e partielle du blocus sur l&rsquo;acheminement de l&rsquo;aide humanitaire en direction de l&rsquo;enclave palestinienne.\n<\/p>\n<p>\n \u00ab\u00a0Les Pays-Bas ont propos\u00e9 le r\u00e9examen de l&rsquo;accord d&rsquo;association entre l&rsquo;Union europ\u00e9enne et Isra\u00ebl et en particulier le r\u00e9examen du respect de son article 2, qui dit que chacune des deux parties, l&rsquo;Europe et Isra\u00ebl, doit respecter les droits de l&rsquo;Homme\u00a0\u00bb, a d\u00e9clar\u00e9 Jean-No\u00ebl Barrot, mardi, sur France Inter.\n<\/p>\n<p>\n \u00ab\u00a0Nous avons soutenu cette initiative et j&rsquo;appelle la Commission europ\u00e9enne \u00e0 faire cet examen, \u00e0 instruire cette demande et \u00e0 montrer si oui ou non Isra\u00ebl respecte cet article, respecte ses obligations vis-\u00e0-vis des droits de l&rsquo;homme\u00a0\u00bb, a-t-il dit.\n<\/p>\n<p>\n Le ministre a ajout\u00e9 que la mise en oeuvre de l&rsquo;accord pourrait \u00eatre suspendue en cas de non respect par Isra\u00ebl, avec des cons\u00e9quences en mati\u00e8re de commerce.\n<\/p>\n<p>\n \u00ab\u00a0Ni Isra\u00ebl, ni l&rsquo;Union europ\u00e9enne n&rsquo;ont int\u00e9r\u00eat \u00e0 mettre fin \u00e0 cet accord. Mais (&#8230;) les images qui nous reviennent de Gaza, la situation des civils, des femmes et des enfants, nous obligent aujourd&rsquo;hui \u00e0 avancer d&rsquo;un cran suppl\u00e9mentaire\u00a0\u00bb, a-t-il dit.\n<\/p>\n<p>\n \u00ab\u00a0C&rsquo;est tout \u00e0 fait insuffisant\u00a0\u00bb, a \u00e9galement estim\u00e9 Jean-No\u00ebl Barrot au sujet de la d\u00e9cision d&rsquo;Isra\u00ebl de laisser entrer quelques camions d&rsquo;aide humanitaire, lundi, dans la bande de Gaza.\n<\/p>\n<p>\n \u00ab\u00a0Tout cela doit cesser (&#8230;) On ne peut pas se satisfaire, on ne peut pas d\u00e9tourner les yeux de la souffrance des Gazaouis. Il faut que (l&rsquo;aide humanitaire) soit imm\u00e9diate, qu&rsquo;elle soit massive et qu&rsquo;elle soit sans aucune entrave.\u00a0\u00bb\n<\/p>\n<p>\n Le groupe parlementaire de La France insoumise (LFI) a par ailleurs annonc\u00e9 mardi le d\u00e9p\u00f4t d&rsquo;une proposition de r\u00e9solution europ\u00e9enne \u00ab\u00a0pour d\u00e9noncer l&rsquo;accord d&rsquo;association entre l&rsquo;Union europ\u00e9enne et Isra\u00ebl\u00a0\u00bb.\n<\/p>\n<p>\n Le Premier ministre isra\u00e9lien, Benjamin Netanyahu, a critiqu\u00e9 lundi la d\u00e9claration des dirigeants britannique, canadien et fran\u00e7ais.\n<\/p>\n<p>\n \u00ab\u00a0En demandant \u00e0 Isra\u00ebl de mettre fin \u00e0 une guerre d\u00e9fensive pour notre survie avant que les terroristes du Hamas \u00e0 notre fronti\u00e8re ne soient d\u00e9truits et en exigeant un \u00c9tat palestinien, les dirigeants de Londres, d&rsquo;Ottawa et de Paris offrent une r\u00e9compense \u00e9norme pour l&rsquo;attaque g\u00e9nocidaire contre Isra\u00ebl du 7 octobre tout en invitant \u00e0 d&rsquo;autres atrocit\u00e9s de ce genre\u00a0\u00bb, a-t-il d\u00e9clar\u00e9 sur X.\n<\/p>\n<p>\n (R\u00e9dig\u00e9 par Benjamin Mallet, avec Zhifan Liu et John Irish, \u00e9dit\u00e9 par Kate Entringer)<\/p>\n","protected":false},"excerpt":{"rendered":"Les ministres fran\u00e7ais et allemand des affaires \u00e9trang\u00e8res se rencontrent \u00e0 Paris Paris appelle la Commission europ\u00e9enne \u00e0&hellip;\n","protected":false},"author":2,"featured_media":115718,"comment_status":"","ping_status":"","sticky":false,"template":"","format":"standard","meta":{"footnotes":""},"categories":[1888],"tags":[400,1111,1928,11,1927,398,408,405,1777,674,1011,27,403,402,399,404,12,1926,626,1925,25,401,406,407],"class_list":{"0":"post-115717","1":"post","2":"type-post","3":"status-publish","4":"format-standard","5":"has-post-thumbnail","7":"category-paris","8":"tag-action-cac-40","9":"tag-actu","10":"tag-actu-paris","11":"tag-actualites","12":"tag-actualites-paris","13":"tag-bourse-de-paris","14":"tag-boursorama","15":"tag-cotations","16":"tag-eu","17":"tag-europe","18":"tag-fr","19":"tag-france","20":"tag-indices-devises","21":"tag-investir","22":"tag-investissement","23":"tag-marche-boursier","24":"tag-news","25":"tag-news-paris","26":"tag-paris","27":"tag-paris-news","28":"tag-republique-francaise","29":"tag-sicav","30":"tag-trackers","31":"tag-warrants"},"share_on_mastodon":{"url":"https:\/\/pubeurope.com\/@fr\/114543302196140625","error":""},"_links":{"self":[{"href":"https:\/\/www.europesays.com\/fr\/wp-json\/wp\/v2\/posts\/115717","targetHints":{"allow":["GET"]}}],"collection":[{"href":"https:\/\/www.europesays.com\/fr\/wp-json\/wp\/v2\/posts"}],"about":[{"href":"https:\/\/www.europesays.com\/fr\/wp-json\/wp\/v2\/types\/post"}],"author":[{"embeddable":true,"href":"https:\/\/www.europesays.com\/fr\/wp-json\/wp\/v2\/users\/2"}],"replies":[{"embeddable":true,"href":"https:\/\/www.europesays.com\/fr\/wp-json\/wp\/v2\/comments?post=115717"}],"version-history":[{"count":0,"href":"https:\/\/www.europesays.com\/fr\/wp-json\/wp\/v2\/posts\/115717\/revisions"}],"wp:featuredmedia":[{"embeddable":true,"href":"https:\/\/www.europesays.com\/fr\/wp-json\/wp\/v2\/media\/115718"}],"wp:attachment":[{"href":"https:\/\/www.europesays.com\/fr\/wp-json\/wp\/v2\/media?parent=115717"}],"wp:term":[{"taxonomy":"category","embeddable":true,"href":"https:\/\/www.europesays.com\/fr\/wp-json\/wp\/v2\/categories?post=115717"},{"taxonomy":"post_tag","embeddable":true,"href":"https:\/\/www.europesays.com\/fr\/wp-json\/wp\/v2\/tags?post=115717"}],"curies":[{"name":"wp","href":"https:\/\/api.w.org\/{rel}","templated":true}]}}