{"id":1157178,"date":"2026-08-30T11:06:11","date_gmt":"2026-08-30T11:06:11","guid":{"rendered":"https:\/\/www.europesays.com\/fr\/1157178\/"},"modified":"2026-08-30T11:06:11","modified_gmt":"2026-08-30T11:06:11","slug":"on-la-suit-depuis-plus-de-45-ans-dun-groupe-de-fans-inconditionnels-de-sheila-a-un-heritage-familial-la-longue-histoire-de-ces-passionnes-qui-ne-manquent-aucune-date-de-la-tournee","status":"publish","type":"post","link":"https:\/\/www.europesays.com\/fr\/1157178\/","title":{"rendered":"\u00ab\u00a0On la suit depuis plus de 45 ans\u00a0\u00bb : d\u2019un groupe de fans inconditionnels de Sheila \u00e0 un h\u00e9ritage familial, la longue histoire de ces passionn\u00e9s qui ne manquent aucune date de la tourn\u00e9e"},"content":{"rendered":"<p>\n                                                                    l&rsquo;essentiel<br \/>\n                                                                Dans la fosse du plateau du Castella, Sheila a pu reconna\u00eetre des visages, samedi 29 ao\u00fbt, aux f\u00eates de Pamiers. Depuis le d\u00e9but de sa tourn\u00e9e, des fans inconditionnels et historiques la suivent devant toutes les sc\u00e8nes qu\u2019elle emprunte. La D\u00e9p\u00eache du Midi est all\u00e9e rencontrer ce groupe d\u2019amis, li\u00e9 \u00e0 jamais par une m\u00eame passion : Sheila.\n                            <\/p>\n<p>Place du Mercadal, ils sont plusieurs dizaines sur la ligne de d\u00e9part, pr\u00eats \u00e0 gravir la rude mont\u00e9e menant au plateau du Castella de Pamiers. Il est 19 heures, et les portes du concert de Sheila doivent s\u2019ouvrir. Devant les agents de s\u00e9curit\u00e9, \u00e7a tr\u00e9pigne, et quand le feu passe au vert, certains entament\u00a0m\u00eame un pas rapide.<\/p>\n<p>19h04, plusieurs personnes ont d\u00e9j\u00e0 marqu\u00e9 leur territoire devant la sc\u00e8ne. Dans ce petit monde, certains sont exp\u00e9riment\u00e9s en la mati\u00e8re. C\u2019est le cas de ce groupe de retrait\u00e9s, qui ne tarde pas \u00e0 r\u00e9v\u00e9ler leur folle identit\u00e9. \u00ab\u00a0Nous suivons Sheila depuis plus de 45 ans.\u00a0\u00bb<\/p>\n<p>Des passionn\u00e9s depuis l\u2019enfance<\/p>\n<p>Bruno, polo blanc et casquette bien fix\u00e9e, est l\u2019un des leurs. Dans ce groupe, chaque \u00e2me, son histoire. Bruno lance les r\u00e9cits. \u00ab\u00a0J\u2019avais cinq\u00a0ans, et j\u2019ai flash\u00e9 sur une pochette de disque. Ma m\u00e8re me passait le disque et j\u2019\u00e9coutais. Quand Sheila passait aux \u00e9missions t\u00e9l\u00e9, j\u2019arr\u00eatais tout\u00a0\u00bb, raconte cet enfant des ann\u00e9es 1960. \u00c0 c\u00f4t\u00e9 de lui, Philippe se souvient de ses ann\u00e9es 1970. \u00ab\u00a0C\u2019est l\u2019\u00e9poque disco, \u00e7a a \u00e9t\u00e9 r\u00e9v\u00e9lateur.\u00a0\u00bb Et quand on parle de disco dans ces ann\u00e9es-l\u00e0, on parle Sheila.\u00a0<\/p>\n<p>Toujours devant la sc\u00e8ne, qui se pr\u00e9pare \u00e0 l\u2019arriv\u00e9e de celle qui occupe toutes les l\u00e8vres, Maryse fait aussi partie de ce club d\u2019inconditionnels. Maryse, elle a v\u00e9cu le mariage de l\u2019artiste avec Ringo, le 13 f\u00e9vrier 1973. Quant \u00e0 Franck, autre expert de la troupe, il partage avec ses voisins de fosse deux choses essentielles : les souvenirs, mais surtout aujourd\u2019hui, l\u2019amiti\u00e9.<\/p>\n<p>Quand Sheila cr\u00e9e la rencontre<\/p>\n<p>Ce qu\u2019il y a de plus beau dans ce groupe, c\u2019est qu\u2019il est devenu ins\u00e9parable, par la force d\u2019une passion commune. \u00ab\u00a0Je n\u2019ai jamais rat\u00e9 un spectacle parisien\u00a0\u00bb, indique Philippe. Bruno, lui, ne compte plus les concerts. \u00ab\u00a0Il y en a des centaines\u00a0\u00bb, se contente-t-il de glisser. Quand il \u00e9tait petit, Sheila tr\u00f4nait au-dessus de son lit. Des d\u00e9cennies plus tard, la voir en vrai\u00a0est devenue une tradition collective.<\/p>\n<p>\u00ab\u00a0On s\u2019\u00e9tait dit que, lorsqu\u2019on serait retrait\u00e9s, on ferait toute la tourn\u00e9e ensemble\u00a0\u00bb, explique Maryse. Alors en 2026, et cette tourn\u00e9e \u00ab\u00a08.0\u00a0\u00bb de Sheila, la promesse est devenue r\u00e9alit\u00e9. \u00ab\u00a0On \u00e9tait en Suisse juste avant, on a \u00e9t\u00e9 en Bretagne, et nous-m\u00eame on vient de r\u00e9gions diff\u00e9rentes. Ce qui est super, c\u2019est qu\u2019on visite les r\u00e9gions gr\u00e2ce \u00e0 Sheila\u00a0\u00bb, poursuit Bruno. Voyager, et revoir leur star pr\u00e9f\u00e9r\u00e9e, ils ne s\u2019en lassent pas. Mais en r\u00e9alit\u00e9, Sheila n\u2019est pas un tr\u00e9sor immobile \u00e0 leurs yeux.<\/p>\n<p>Une artiste en perp\u00e9tuelle renaissance<\/p>\n<p>\u00ab\u00a0Sa grande force, c\u2019est de ne jamais avoir \u00e9t\u00e9 devanc\u00e9e. Elle a toujours su nous surprendre. Encore en 2022, elle s\u2019\u00e9tait cass\u00e9 une jambe. On s\u2019est dit que \u00e7a allait \u00eatre difficile pour les concerts, et elle nous a \u00e9pat\u00e9s\u00a0\u00bb, illustre Philippe.<\/p>\n<p>Pour lui, la long\u00e9vit\u00e9 de l\u2019ic\u00f4ne &#8211; qui a r\u00e9cemment assur\u00e9 vouloir f\u00eater ses 70 ans de sc\u00e8ne &#8211; se doit en partie \u00e0 cette capacit\u00e9 de se r\u00e9inventer, au fil des \u00e9poques.\u00a0<\/p>\n<p>Preuve en est, Bruno a su convertir sa fille \u00e0 Sheila, mais aussi la g\u00e9n\u00e9ration suivante. Devant la sc\u00e8ne, toute la famille est r\u00e9unie \u00e0 Pamiers, tout comme la bande. Mais pour Sheila elle-m\u00eame, voir ces visages rel\u00e8ve\u00a0d\u00e9sormais de l\u2019habitude. \u00ab\u00a0Elle sait qu\u2019on est l\u00e0, elle nous attrape parfois la main, et nous on lui sert parfois de prompteur\u00a0\u00bb, sourit l\u2019\u00e9quipe. L\u2019occasion de d\u00e9gainer une nouvelle anecdote, comme pour montrer une derni\u00e8re fois leur passion : \u00e0 81 ans, \u00ab\u00a0Sheila est l\u2019une des rares artistes sans prompteur\u00a0\u00bb.<\/p>\n","protected":false},"excerpt":{"rendered":"l&rsquo;essentiel Dans la fosse du plateau du Castella, Sheila a pu reconna\u00eetre des visages, samedi 29 ao\u00fbt, aux&hellip;\n","protected":false},"author":2,"featured_media":1157179,"comment_status":"","ping_status":"","sticky":false,"template":"","format":"standard","meta":{"footnotes":"","_share_on_mastodon":"0"},"categories":[1355],"tags":[2720,4156,872,58,59,1011,27,1361,873,24156,853],"class_list":["post-1157178","post","type-post","status-publish","format-standard","has-post-thumbnail","category-musique","tag-ariege","tag-concerts","tag-culture-et-loisirs","tag-divertissement","tag-entertainment","tag-fr","tag-france","tag-music","tag-musique","tag-pamiers","tag-spectacles"],"share_on_mastodon":{"url":"https:\/\/pubeurope.com\/@fr\/117184140708386211","error":""},"_links":{"self":[{"href":"https:\/\/www.europesays.com\/fr\/wp-json\/wp\/v2\/posts\/1157178","targetHints":{"allow":["GET"]}}],"collection":[{"href":"https:\/\/www.europesays.com\/fr\/wp-json\/wp\/v2\/posts"}],"about":[{"href":"https:\/\/www.europesays.com\/fr\/wp-json\/wp\/v2\/types\/post"}],"author":[{"embeddable":true,"href":"https:\/\/www.europesays.com\/fr\/wp-json\/wp\/v2\/users\/2"}],"replies":[{"embeddable":true,"href":"https:\/\/www.europesays.com\/fr\/wp-json\/wp\/v2\/comments?post=1157178"}],"version-history":[{"count":0,"href":"https:\/\/www.europesays.com\/fr\/wp-json\/wp\/v2\/posts\/1157178\/revisions"}],"wp:featuredmedia":[{"embeddable":true,"href":"https:\/\/www.europesays.com\/fr\/wp-json\/wp\/v2\/media\/1157179"}],"wp:attachment":[{"href":"https:\/\/www.europesays.com\/fr\/wp-json\/wp\/v2\/media?parent=1157178"}],"wp:term":[{"taxonomy":"category","embeddable":true,"href":"https:\/\/www.europesays.com\/fr\/wp-json\/wp\/v2\/categories?post=1157178"},{"taxonomy":"post_tag","embeddable":true,"href":"https:\/\/www.europesays.com\/fr\/wp-json\/wp\/v2\/tags?post=1157178"}],"curies":[{"name":"wp","href":"https:\/\/api.w.org\/{rel}","templated":true}]}}