{"id":115719,"date":"2025-05-21T01:47:16","date_gmt":"2025-05-21T01:47:16","guid":{"rendered":"https:\/\/www.europesays.com\/fr\/115719\/"},"modified":"2025-05-21T01:47:16","modified_gmt":"2025-05-21T01:47:16","slug":"le-nouveau-plan-de-la-ville-de-paris-pour-eviter-davoir-a-ramasser-pres-de-5-millions-de-megots-chaque-jour-liberation","status":"publish","type":"post","link":"https:\/\/www.europesays.com\/fr\/115719\/","title":{"rendered":"Le nouveau plan de la ville de Paris pour \u00e9viter d\u2019avoir \u00e0 ramasser pr\u00e8s de 5\u00a0millions de m\u00e9gots chaque jour \u2013 Lib\u00e9ration"},"content":{"rendered":"<p class=\"sc-ksZaOG ehjQrN text-element\">Sensibiliser, am\u00e9nager et p\u00e9naliser. Tels sont les axes du nouveau plan de lutte contre les m\u00e9gots de <a href=\"https:\/\/www.liberation.fr\/checknews\/tabagisme-est-il-vrai-que-chaque-cigarette-fumee-fait-perdre-vingt-minutes-de-vie-20241231_ZN5UVLHE2BBPZKNYWH2JQQYW2Y\/\" target=\"_blank\" rel=\"noopener\" title=\"https:\/\/www.liberation.fr\/checknews\/tabagisme-est-il-vrai-que-chaque-cigarette-fumee-fait-perdre-vingt-minutes-de-vie-20241231_ZN5UVLHE2BBPZKNYWH2JQQYW2Y\/\">cigarettes<\/a>, d\u00e9voil\u00e9 ce mardi 20 mai par la mairie de Paris. L\u2019objectif : all\u00e9ger le travail des agents de propret\u00e9 qui ramassent entre 4 \u00e0 5 millions de m\u00e9gots chaque jour dans les rues de la capitale.<\/p>\n<p class=\"sc-ksZaOG ehjQrN text-element\">\u00ab60 % des cigarettes fum\u00e9es dans l\u2019espace public finissent par terre\u00bb, rappelle ce mardi la municipalit\u00e9 dans un <a href=\"https:\/\/www.paris.fr\/pages\/paris-lance-son-plan-megots-30931\" target=\"_blank\" rel=\"noopener\" title=\"https:\/\/www.paris.fr\/pages\/paris-lance-son-plan-megots-30931\">communiqu\u00e9<\/a>. Et au total sur l\u2019ann\u00e9e, plus de 350 tonnes de fins de cigarettes sont ramass\u00e9es par les agents de propret\u00e9.<\/p>\n<p class=\"sc-ksZaOG ehjQrN text-element\">Cette chasse aux m\u00e9gots, qui s\u2019inscrit dans un plan plus large de r\u00e9duction des d\u00e9chets dans la capitale, comprend dix mesures. P\u00e8le m\u00eale, la distribution gratuite de 400 000 cendriers de poche par les agents municipaux et les buralistes, l\u2019installation de nouveaux \u00e9teignoirs sur les poubelles, davantage de \u00abcendriers sondages\u00bb <a href=\"https:\/\/www.liberation.fr\/idees-et-debats\/le-nudge-nouvelle-tendance-de-la-macronie-20210720_HI4E5AEDXVAKNKCDTKF2W5V6FE\/\" target=\"_blank\" rel=\"noreferrer noopener\" title=\"https:\/\/www.liberation.fr\/idees-et-debats\/le-nudge-nouvelle-tendance-de-la-macronie-20210720_HI4E5AEDXVAKNKCDTKF2W5V6FE\/\">carburant au nudge<\/a> ou encore davantage de soutien pour les actions de nettoyages participatifs.<\/p>\n<p class=\"sc-ksZaOG ehjQrN text-element\">Durant l\u2019\u00e9t\u00e9, les sites parisiens particuli\u00e8rement fr\u00e9quent\u00e9s par les touristes et les riverains seront l\u2019occasion d\u2019y distribuer des cendriers et d\u2019y mener des op\u00e9rations de sensibilisation.<\/p>\n<p class=\"sc-ksZaOG ehjQrN text-element\">Les caf\u00e9s et restaurants disposant de terrasses ouvertes seront \u00e9galement incit\u00e9s \u00e0 mettre des cendriers \u00e0 disposition de leurs clients.<\/p>\n<p class=\"sc-ksZaOG ehjQrN text-element\">C\u00f4t\u00e9 urbanisation, la ville pr\u00e9voit donc d\u2019installer des clous en m\u00e9tal autour des bouches d\u2019\u00e9gout, avec la mention \u00abIci commence la Seine\u00bb. 177 zones telles que les campus ou encore les rues commer\u00e7antes vont \u00eatre am\u00e9nag\u00e9s.<\/p>\n<p class=\"sc-ksZaOG ehjQrN text-element\">Dans cette d\u00e9marche, la mairie de Paris met en avant un double enjeu \u00e9conomique, avec \u00abun co\u00fbt pour la collectivit\u00e9 estim\u00e9 \u00e0 10 millions d\u2019euros par an\u00bb, et bien \u00e9videmment <a href=\"https:\/\/www.who.int\/publications\/i\/item\/9789240051287\" target=\"_blank\" rel=\"noopener\" title=\"https:\/\/www.who.int\/publications\/i\/item\/9789240051287\">environnemental<\/a> : \u00abun seul m\u00e9got contenant 4 000 substances chimiques et pouvant polluer jusqu\u2019\u00e0 500 litres d\u2019eau\u00bb.<\/p>\n<p class=\"sc-ksZaOG ehjQrN text-element\">Une cigarette met <a href=\"https:\/\/www.liberation.fr\/france\/2018\/06\/14\/pollution-liee-aux-megots-le-grand-oral-des-industriels-du-tabac_1659094\/\" target=\"_blank\" rel=\"noopener\" title=\"https:\/\/www.liberation.fr\/france\/2018\/06\/14\/pollution-liee-aux-megots-le-grand-oral-des-industriels-du-tabac_1659094\/\">entre quatre et douze ans pour dispara\u00eetre<\/a>. Elle d\u00e9gage des m\u00e9taux lourds et des polluants comme la nicotine, le cadmium et le plomb, des substances toxiques qui sont nuisibles \u00e0 l\u2019environnement. M\u00eame jet\u00e9s dans les caniveaux, les m\u00e9gots finissent par polluer les \u00e9gouts et l\u2019eau de la Seine.<\/p>\n<p class=\"sc-ksZaOG ehjQrN text-element\">C\u00f4t\u00e9 r\u00e9pression, rien ne change. La police municipale continuera \u00e0 verbaliser d\u2019une amende de 135 euros les fumeurs pris en flagrant d\u00e9lit de jet de m\u00e9gots.<\/p>\n","protected":false},"excerpt":{"rendered":"Sensibiliser, am\u00e9nager et p\u00e9naliser. Tels sont les axes du nouveau plan de lutte contre les m\u00e9gots de cigarettes,&hellip;\n","protected":false},"author":2,"featured_media":115720,"comment_status":"","ping_status":"","sticky":false,"template":"","format":"standard","meta":{"footnotes":""},"categories":[1888],"tags":[1111,1928,11,1927,1777,674,1011,27,12,1926,12687,626,1925,7399,25],"class_list":{"0":"post-115719","1":"post","2":"type-post","3":"status-publish","4":"format-standard","5":"has-post-thumbnail","7":"category-paris","8":"tag-actu","9":"tag-actu-paris","10":"tag-actualites","11":"tag-actualites-paris","12":"tag-eu","13":"tag-europe","14":"tag-fr","15":"tag-france","16":"tag-news","17":"tag-news-paris","18":"tag-oceans","19":"tag-paris","20":"tag-paris-news","21":"tag-pollution-air","22":"tag-republique-francaise"},"share_on_mastodon":{"url":"https:\/\/pubeurope.com\/@fr\/114543305927744620","error":""},"_links":{"self":[{"href":"https:\/\/www.europesays.com\/fr\/wp-json\/wp\/v2\/posts\/115719","targetHints":{"allow":["GET"]}}],"collection":[{"href":"https:\/\/www.europesays.com\/fr\/wp-json\/wp\/v2\/posts"}],"about":[{"href":"https:\/\/www.europesays.com\/fr\/wp-json\/wp\/v2\/types\/post"}],"author":[{"embeddable":true,"href":"https:\/\/www.europesays.com\/fr\/wp-json\/wp\/v2\/users\/2"}],"replies":[{"embeddable":true,"href":"https:\/\/www.europesays.com\/fr\/wp-json\/wp\/v2\/comments?post=115719"}],"version-history":[{"count":0,"href":"https:\/\/www.europesays.com\/fr\/wp-json\/wp\/v2\/posts\/115719\/revisions"}],"wp:featuredmedia":[{"embeddable":true,"href":"https:\/\/www.europesays.com\/fr\/wp-json\/wp\/v2\/media\/115720"}],"wp:attachment":[{"href":"https:\/\/www.europesays.com\/fr\/wp-json\/wp\/v2\/media?parent=115719"}],"wp:term":[{"taxonomy":"category","embeddable":true,"href":"https:\/\/www.europesays.com\/fr\/wp-json\/wp\/v2\/categories?post=115719"},{"taxonomy":"post_tag","embeddable":true,"href":"https:\/\/www.europesays.com\/fr\/wp-json\/wp\/v2\/tags?post=115719"}],"curies":[{"name":"wp","href":"https:\/\/api.w.org\/{rel}","templated":true}]}}