{"id":1157213,"date":"2026-08-30T11:32:30","date_gmt":"2026-08-30T11:32:30","guid":{"rendered":"https:\/\/www.europesays.com\/fr\/1157213\/"},"modified":"2026-08-30T11:32:30","modified_gmt":"2026-08-30T11:32:30","slug":"tous-les-resultats-de-la-coupe-lffp-coupe-lffp-j2","status":"publish","type":"post","link":"https:\/\/www.europesays.com\/fr\/1157213\/","title":{"rendered":"Tous les r\u00e9sultats de la Coupe LFFP &#8211; Coupe LFFP &#8211; J2"},"content":{"rendered":"<p>Une surprise et des dynamiques qui se poursuivent. Ce samedi avait lieu la deuxi\u00e8me journ\u00e9e de la Coupe LFFP. D\u00e9j\u00e0 vainqueurs lors de la J1, respectivement face \u00e0 Nice (1-2) et Toulouse (3-0),<strong> Lens et Marseille ont r\u00e9cidiv\u00e9 une semaine plus tard en s\u2019imposant tous deux 3 \u00e0 0 face \u00e0 Metz et \u00e0 Montpellier<\/strong>. <strong>Saint-Malo, promu en Premi\u00e8re Ligue cette saison, en a \u00e9galement coll\u00e9 trois \u00e0 Grenoble<\/strong>. Les Malouines s\u2019\u00e9taient impos\u00e9es aux tirs au but face \u00e0 Nantes la semaine pr\u00e9c\u00e9dente (1-1, 3-4 T.A.B).<\/p>\n<p>Nantes r\u00e9agit, Toulouse s\u2019enfonce<\/p>\n<p>Battues aux tirs au but la semaine derni\u00e8re, <strong>les prot\u00e9g\u00e9es de Pierre-Alain Picard ont parfaitement r\u00e9agi ce samedi en s\u2019imposant 2 \u00e0 0 sur la pelouse du Havre<\/strong>. <strong>Nice et Roubaix Wervicq se sont \u00e9galement relanc\u00e9s<\/strong> apr\u00e8s leur d\u00e9faite inaugurale pour s\u2019imposer respectivement face \u00e0 Lille (2-2, 3-1 T.A.B) et Le Mans (1-0). En revanche, <strong>c\u2019est d\u00e9j\u00e0 la soupe \u00e0 la grimace pour Toulouse<\/strong>, l\u2019autre promu en premi\u00e8re division, qui s\u2019est lourdement inclin\u00e9 face \u00e0 l\u2019OM lors de la J1 et qui s\u2019est fait surprendre par Thonon \u00c9vian pour finalement s\u2019incliner 1-0.<strong> Grenoble et Metz, tous deux pensionnaires de Seconde Ligue, sont \u00e9galement en danger<\/strong> apr\u00e8s leurs deux d\u00e9faites cons\u00e9cutives. <strong>Strasbourg et Cannes \u00e9taient les deux \u00e9quipes exemptes pour cette journ\u00e9e<\/strong>.<\/p>\n<p><img decoding=\"async\" loading=\"lazy\" class=\"\" src=\"https:\/\/www.europesays.com\/fr\/wp-content\/uploads\/2026\/08\/j2-coupe-lffp-resultats.jpg\" alt=\"\" width=\"600\" height=\"750\"\/><\/p>\n<p>L\u2019OM et Lens trustent donc les premi\u00e8res places du classement pour le moment.<\/p>\n<p>\t\t\t\t\t\t\t\t\t\t<a class=\"lien-connexe\" href=\"https:\/\/www.sofoot.com\/breves\/ligue-1-piste-par-lolympique-de-marseille-jean-clair-todibo-devrait-finalement-sengager-avec-le-rc-lens\" rel=\"nofollow noopener\" target=\"_blank\">Lens chipe une piste marseillaise<\/a>\t\t\t\t\t <\/p>\n<p>\t\t\t\t\t\t\tCommentaires<br \/>\n\t\t\t\t\t\t\t\tLes membres ont post\u00e9<br \/>\n\t\t\t\t\t\t\t\t1 commentaire<br \/>\n\t\t\t\t\t\t\t\tsur cet article.<br \/>\n\t\t\t\t\t\t\t\tParticipez \u00e0 la discussion<br \/>\n\t\t\t\t\t\t\t\t\t<a href=\"http:\/\/www.sofoot.com\/compte?back=https:\/\/www.sofoot.com\/breves\/coupe-lffp-lens-et-marseille-continuent-sur-leur-lancee-nantes-reagit-tandis-que-toulouse-bourges-grenoble-et-metz-senlisent\" rel=\"nofollow noopener\" target=\"_blank\"><br \/>\n\t\t\t\t\t\t\t\t\t\t<b>en vous connectant<\/b><br \/>\n\t\t\t\t\t\t\t\t\t<\/a>.<\/p>\n<p>\t\t\t\t\t\t\t\tVoir les<br \/>\n\t\t\t\t\t\t\t\t\t\t\t\t\t\t\t\tcommentaires<\/p>\n","protected":false},"excerpt":{"rendered":"Une surprise et des dynamiques qui se poursuivent. Ce samedi avait lieu la deuxi\u00e8me journ\u00e9e de la Coupe&hellip;\n","protected":false},"author":2,"featured_media":1157214,"comment_status":"","ping_status":"","sticky":false,"template":"","format":"standard","meta":{"footnotes":"","_share_on_mastodon":"0"},"categories":[9566],"tags":[1111,47,11,61,2430,69,65,64,1777,674,63,1011,27,2731,68,66,12,62,70,25,67],"class_list":["post-1157213","post","type-post","status-publish","format-standard","has-post-thumbnail","category-grenoble","tag-actu","tag-actualite","tag-actualites","tag-actus-football","tag-auvergne-rhone-alpes","tag-bundesliga","tag-championnats-europeens","tag-equipe-de-france","tag-eu","tag-europe","tag-football","tag-fr","tag-france","tag-grenoble","tag-ligua","tag-ligue-1","tag-news","tag-news-foot","tag-premier-league","tag-republique-francaise","tag-serie-a"],"share_on_mastodon":{"url":"https:\/\/pubeurope.com\/@fr\/117184244787633138","error":""},"_links":{"self":[{"href":"https:\/\/www.europesays.com\/fr\/wp-json\/wp\/v2\/posts\/1157213","targetHints":{"allow":["GET"]}}],"collection":[{"href":"https:\/\/www.europesays.com\/fr\/wp-json\/wp\/v2\/posts"}],"about":[{"href":"https:\/\/www.europesays.com\/fr\/wp-json\/wp\/v2\/types\/post"}],"author":[{"embeddable":true,"href":"https:\/\/www.europesays.com\/fr\/wp-json\/wp\/v2\/users\/2"}],"replies":[{"embeddable":true,"href":"https:\/\/www.europesays.com\/fr\/wp-json\/wp\/v2\/comments?post=1157213"}],"version-history":[{"count":0,"href":"https:\/\/www.europesays.com\/fr\/wp-json\/wp\/v2\/posts\/1157213\/revisions"}],"wp:featuredmedia":[{"embeddable":true,"href":"https:\/\/www.europesays.com\/fr\/wp-json\/wp\/v2\/media\/1157214"}],"wp:attachment":[{"href":"https:\/\/www.europesays.com\/fr\/wp-json\/wp\/v2\/media?parent=1157213"}],"wp:term":[{"taxonomy":"category","embeddable":true,"href":"https:\/\/www.europesays.com\/fr\/wp-json\/wp\/v2\/categories?post=1157213"},{"taxonomy":"post_tag","embeddable":true,"href":"https:\/\/www.europesays.com\/fr\/wp-json\/wp\/v2\/tags?post=1157213"}],"curies":[{"name":"wp","href":"https:\/\/api.w.org\/{rel}","templated":true}]}}