{"id":1157228,"date":"2026-08-30T11:45:35","date_gmt":"2026-08-30T11:45:35","guid":{"rendered":"https:\/\/www.europesays.com\/fr\/1157228\/"},"modified":"2026-08-30T11:45:35","modified_gmt":"2026-08-30T11:45:35","slug":"incendie-en-gironde-le-concert-rassemblant-plusieurs-stars-francaises-permet-de-recolter-plus-de-14-million-deuros","status":"publish","type":"post","link":"https:\/\/www.europesays.com\/fr\/1157228\/","title":{"rendered":"Incendie en Gironde : le concert rassemblant plusieurs stars fran\u00e7aises permet de r\u00e9colter plus de 1,4 million d&rsquo;euros"},"content":{"rendered":"<p>                    Par<br \/>\n        <strong><br \/>\n            <a href=\"https:\/\/actu.fr\/auteur\/julian-doubax\" title=\"Consulter tous les articles de Julian Doubax\" rel=\"nofollow noopener\" target=\"_blank\">Julian Doubax<\/a><br \/>\n                    <\/strong><\/p>\n<p>        Publi\u00e9 le<\/p>\n<p>            28 ao\u00fbt 2026 \u00e0 16h32        <\/p>\n<p>L\u2019\u00e9v\u00e8nement a \u00e9t\u00e9 organis\u00e9 en un <strong>temps record<\/strong> gr\u00e2ce au d\u00e9vouement de nombreuses c\u00e9l\u00e9brit\u00e9s. Le jeudi 27\u00a0ao\u00fbt, le <a href=\"https:\/\/actu.fr\/nouvelle-aquitaine\/bordeaux_33063\/zazie-m-renaud-un-concert-xxl-s-organise-a-bordeaux-au-profit-des-sinistres-des-incendies_64624966.html\" rel=\"nofollow noopener\" target=\"_blank\">concert Solidarit\u00e9 Incendies<\/a> a \u00e9t\u00e9 organis\u00e9 \u00e0 l<a href=\"https:\/\/actu.fr\/tag\/arkea-arena\" rel=\"nofollow noopener\" target=\"_blank\">\u2019Ark\u00e9a Arena<\/a> de Floirac (Gironde) apr\u00e8s le <a href=\"https:\/\/actu.fr\/nouvelle-aquitaine\/le-porge_33333\/megafeu-de-la-gironde-apres-la-polemique-d-un-abandon-du-porge-le-chef-des-pompiers-et-la-prefete-rendent-des-comptes_64708479.html\" rel=\"nofollow noopener\" target=\"_blank\">m\u00e9gafeu<\/a> qui a ravag\u00e9 plus de 42\u2009000 hectares dans le d\u00e9partement.<\/p>\n<p class=\" wall-content\">Rapidement, <strong>Pascal Obispo<\/strong> a r\u00e9uni plusieurs personnalit\u00e9s fran\u00e7aises pour assurer ce <strong>concert XXL<\/strong>. Zazie, Renaud ou encore Gauvain Sers se sont succ\u00e9d\u00e9 sur sc\u00e8ne devant une salle comble. Des pompiers de Gironde ont \u00e9galement \u00e9t\u00e9 acclam\u00e9s par la foule.<\/p>\n<p class=\" wall-content\">Matthieu Jalibert et <a href=\"https:\/\/actu.fr\/nouvelle-aquitaine\/bordeaux_33063\/depouille-de-sa-rolex-a-la-sortie-d-un-restaurant-a-bordeaux-le-manager-de-l-ubb-yannick-bru-course-ses-voleurs_64714615.html\" rel=\"nofollow noopener\" target=\"_blank\">Yannick Bru<\/a>, joueur et coach de l\u2019Union Bordeaux-B\u00e8gles, \u00e9taient aussi sur sc\u00e8ne pour faire des<strong> appels aux dons<\/strong> pour venir en aide aux nombreuses personnes sinistr\u00e9es par des incendies en France.<\/p>\n<p class=\" wall-content\">Une soir\u00e9e qui a permis de r\u00e9colter plus de <strong>1,45\u00a0million d\u2019euros<\/strong> d\u2019apr\u00e8s <a href=\"https:\/\/www.franceinfo.fr\/environnement\/evenements-meteorologiques-extremes\/incendies-et-feux-de-foret\/incendies-en-gironde\/reportage-les-gens-avaient-besoin-de-s-eclater-a-bordeaux-des-spectateurs-transportes-par-le-concert-solidarite-incendies-en-faveur-des-sinistres_8166041.html\" rel=\"nofollow noopener\" target=\"_blank\">Franceinfo<\/a>. Cette somme est r\u00e9colt\u00e9e par la Fondation de France qui est ensuite charg\u00e9e de la distribuer.<\/p>\n<p class=\" wall-content\">Personnalisez votre actualit\u00e9 en ajoutant vos villes et m\u00e9dias en favori avec <a href=\"https:\/\/moncompte.actu.fr\" title=\"D\u00e9couvez Mon Actu\" rel=\"nofollow noopener\" data-trk=\"{&quot;cta&quot;:{&quot;action&quot;:&quot;https:\\\/\\\/moncompte.actu.fr&quot;,&quot;category&quot;:&quot;mon compte&quot;,&quot;from&quot;:&quot;article footer&quot;,&quot;name&quot;:&quot;Mon actu&quot;,&quot;type&quot;:&quot;cta&quot;}}\" target=\"_blank\">Mon Actu<\/a>.<\/p>\n","protected":false},"excerpt":{"rendered":"Par Julian Doubax Publi\u00e9 le 28 ao\u00fbt 2026 \u00e0 16h32 L\u2019\u00e9v\u00e8nement a \u00e9t\u00e9 organis\u00e9 en un temps record&hellip;\n","protected":false},"author":2,"featured_media":1157229,"comment_status":"","ping_status":"","sticky":false,"template":"","format":"standard","meta":{"footnotes":"","_share_on_mastodon":"0"},"categories":[2817],"tags":[1111,11,15890,1997,1777,674,1011,27,112060,12,2219,25,104,3400],"class_list":["post-1157228","post","type-post","status-publish","format-standard","has-post-thumbnail","category-bordeaux","tag-actu","tag-actualites","tag-arkea-arena","tag-bordeaux","tag-eu","tag-europe","tag-fr","tag-france","tag-incendie-de-saumos","tag-news","tag-nouvelle-aquitaine","tag-republique-francaise","tag-societe","tag-solidarite"],"share_on_mastodon":{"url":"https:\/\/pubeurope.com\/@fr\/117184294246109400","error":""},"_links":{"self":[{"href":"https:\/\/www.europesays.com\/fr\/wp-json\/wp\/v2\/posts\/1157228","targetHints":{"allow":["GET"]}}],"collection":[{"href":"https:\/\/www.europesays.com\/fr\/wp-json\/wp\/v2\/posts"}],"about":[{"href":"https:\/\/www.europesays.com\/fr\/wp-json\/wp\/v2\/types\/post"}],"author":[{"embeddable":true,"href":"https:\/\/www.europesays.com\/fr\/wp-json\/wp\/v2\/users\/2"}],"replies":[{"embeddable":true,"href":"https:\/\/www.europesays.com\/fr\/wp-json\/wp\/v2\/comments?post=1157228"}],"version-history":[{"count":0,"href":"https:\/\/www.europesays.com\/fr\/wp-json\/wp\/v2\/posts\/1157228\/revisions"}],"wp:featuredmedia":[{"embeddable":true,"href":"https:\/\/www.europesays.com\/fr\/wp-json\/wp\/v2\/media\/1157229"}],"wp:attachment":[{"href":"https:\/\/www.europesays.com\/fr\/wp-json\/wp\/v2\/media?parent=1157228"}],"wp:term":[{"taxonomy":"category","embeddable":true,"href":"https:\/\/www.europesays.com\/fr\/wp-json\/wp\/v2\/categories?post=1157228"},{"taxonomy":"post_tag","embeddable":true,"href":"https:\/\/www.europesays.com\/fr\/wp-json\/wp\/v2\/tags?post=1157228"}],"curies":[{"name":"wp","href":"https:\/\/api.w.org\/{rel}","templated":true}]}}