{"id":115723,"date":"2025-05-21T01:49:12","date_gmt":"2025-05-21T01:49:12","guid":{"rendered":"https:\/\/www.europesays.com\/fr\/115723\/"},"modified":"2025-05-21T01:49:12","modified_gmt":"2025-05-21T01:49:12","slug":"le-paris-fc-veut-sinstaller-au-plus-haut-niveau-le-breton-pierre-yves-hamel-raconte-le-grand-projet-du-club-de-la-capitale","status":"publish","type":"post","link":"https:\/\/www.europesays.com\/fr\/115723\/","title":{"rendered":"\u00ab\u00a0Le Paris FC veut s\u2019installer au plus haut niveau\u00a0\u00bb\u00a0: le Breton Pierre-Yves Hamel raconte le grand projet du club de la capitale"},"content":{"rendered":"<p>Ce n\u2019est que le d\u00e9but. En d\u00e9crochant, le 2 mai dernier, une mont\u00e9e en Ligue 1 tant esp\u00e9r\u00e9e en interne depuis pr\u00e8s d\u2019une d\u00e9cennie, le Paris FC a incontestablement franchi un palier d\u00e9cisif dans sa mise en orbite, annonc\u00e9e fin 2024 lors du changement de propri\u00e9taire.<\/p>\n<p>Pour <a href=\"https:\/\/www.letelegramme.fr\/sports\/football\/le-titre-on-y-croit-encore-pierre-yves-hamel-et-le-paris-fc-misent-sur-un-faux-pas-du-fc-lorient-pour-finir-champions-de-ligue-2-6813486.php\" target=\"_blank\" rel=\"noopener\">Pierre-Yves Hamel<\/a>, au club depuis trois saisons, il s\u2019agit avant tout de la r\u00e9compense d\u2019un travail de longue haleine pour ceux qui ont \u0153uvr\u00e9 \u00e0 cette r\u00e9ussite sportive. \u00ab\u00a0Il y a une forme de soulagement, explique l\u2019attaquant breton. Car cela fait quelques ann\u00e9es maintenant qu\u2019on tournait autour de l\u2019accession, directe ou via les barrages de Ligue 2. C\u2019est une belle r\u00e9compense collective, et en particulier pour le pr\u00e9sident Pierre Ferracci, qui a su cr\u00e9er un environnement favorable autour de l\u2019\u00e9quipe pour atteindre cet objectif.\u00a0\u00bb<\/p>\n<p>Rivalit\u00e9 capitale<\/p>\n<p>Mais le vrai d\u00e9clic, c\u2019est l\u2019arriv\u00e9e aux commandes, il y a six mois, d\u2019un nouvel actionnaire riche et ambitieux, la famille Arnault, alli\u00e9e (entre autres) au groupe autrichien Red Bull. De quoi donner des ailes au projet de deuxi\u00e8me grand club dans la capitale &#8211; enfin\u00a0! -, histoire de venir titiller l\u2019h\u00e9g\u00e9monie du Paris SG (*) \u00e0 moyen ou \u00e0 long terme. \u00ab\u00a0Il y aura d\u00e9sormais en Ligue 1 une vraie concurrence \u00e0 Paris entre les deux clubs, et c\u2019est une bonne chose pour tout le football fran\u00e7ais, abonde Pierre-Yves Hamel. Le PFC veut s\u2019installer au plus haut niveau, et il s\u2019en donne les moyens.\u00a0\u00bb<\/p>\n<p>Pour l\u2019attaquant finist\u00e9rien de 31 ans, la tournure des \u00e9v\u00e9nements a quelque chose d\u2019excitant mais suscite aussi de l\u00e9gitimes interrogations. Quid du mercato estival\u00a0? L\u2019effectif va-t-il \u00eatre boulevers\u00e9 afin de monter une grosse \u00e9quipe d\u00e8s la saison prochaine\u00a0? \u00ab\u00a0On s\u2019attend forc\u00e9ment \u00e0 ce qu\u2019il y ait un recrutement de qualit\u00e9, mais c\u2019est peut-\u00eatre un peu t\u00f4t pour tout changer, estime le Finist\u00e9rien. L\u2019hiver dernier, le club a mis\u00e9 sur la continuit\u00e9 du groupe pour d\u00e9crocher la mont\u00e9e, ce choix s\u2019est av\u00e9r\u00e9 payant. Beaucoup de joueurs ont envie de continuer l\u2019aventure, et j\u2019en fais partie.\u00a0\u00bb<\/p>\n<p><img decoding=\"async\" src=\"https:\/\/www.europesays.com\/fr\/wp-content\/uploads\/2025\/05\/682ca0fa6c0ddcdad50314e5.1.jpeg\" width=\"480\" height=\"300\" class=\"web_golden_m\" loading=\"lazy\" alt=\"Pierre Ferracci (\u00e0 gauche), pr\u00e9sident du Paris FC depuis 2012, et Antoine Arnault, nouvel actionnaire majoritaire du club, unis pour la r\u00e9ussite du Paris FC sur la dur\u00e9e.\"\/>Pierre Ferracci (\u00e0 gauche), pr\u00e9sident du Paris FC depuis 2012, et Antoine Arnault, nouvel actionnaire majoritaire du club, unis pour la r\u00e9ussite du Paris FC sur la dur\u00e9e. (Photo Yoan Valat\/EPA)Un futur encore flou<\/p>\n<p>\u00c0 31 ans, Pierre-Yves Hamel a encore une ann\u00e9e de contrat \u00e0 faire valoir. Auteur de cinq buts en 22 matchs de L2 <a href=\"https:\/\/www.letelegramme.fr\/sports\/football\/ligue2\/\" target=\"_blank\" rel=\"noopener\">lors de la saison \u00e9coul\u00e9e<\/a>, il esp\u00e8re encore faire partie des plans \u00e0 la reprise de l\u2019entra\u00eenement. \u00ab\u00a0On verra bien ce qu\u2019il se passe, temporise l\u2019int\u00e9ress\u00e9. En tout cas, pour l\u2019instant, je ne me projette pas ailleurs. J\u2019ai marqu\u00e9 quelques buts importants en fin de saison, et avec mon v\u00e9cu dans le foot pro, je me dis que j\u2019ai encore quelque chose \u00e0 apporter ici.\u00a0\u00bb<\/p>\n<p>Il imagine \u00e9galement des retrouvailles savoureuses avec sa ch\u00e8re Bretagne au sein de l\u2019\u00e9lite, qu\u2019il s\u2019agisse de ses anciennes couleurs (Stade Rennais, FC Lorient) ou du club qu\u2019il supportait enfant (Stade Brestois), celui de sa ville natale. Le Paris FC, pour sa part, \u00e9crira une nouvelle page de son histoire, avec une glorieuse perspective qui s\u2019ouvre devant lui. \u00ab\u00a0La priorit\u00e9, ce sera d\u00e9j\u00e0 de se maintenir dans l\u2019\u00e9lite, pr\u00e9vient son avant-centre. Pour construire quelque chose de durable, il ne faut pas br\u00fbler les \u00e9tapes\u2026\u00a0\u00bb<\/p>\n<p class=\"note\">* \u00c0 l\u2019origine, le Paris Football Club et le Paris Saint-Germain ne formaient qu\u2019une seule et m\u00eame entit\u00e9. La s\u00e9paration date de mai 1972.<\/p>\n","protected":false},"excerpt":{"rendered":"Ce n\u2019est que le d\u00e9but. En d\u00e9crochant, le 2 mai dernier, une mont\u00e9e en Ligue 1 tant esp\u00e9r\u00e9e&hellip;\n","protected":false},"author":2,"featured_media":115724,"comment_status":"","ping_status":"","sticky":false,"template":"","format":"standard","meta":{"footnotes":""},"categories":[1888],"tags":[11,1777,674,3317,63,1011,27,66,446,12,626,25,60,4449,3087],"class_list":{"0":"post-115723","1":"post","2":"type-post","3":"status-publish","4":"format-standard","5":"has-post-thumbnail","7":"category-paris","8":"tag-actualites","9":"tag-eu","10":"tag-europe","11":"tag-fc-lorient","12":"tag-football","13":"tag-fr","14":"tag-france","15":"tag-ligue-1","16":"tag-ligue-2","17":"tag-news","18":"tag-paris","19":"tag-republique-francaise","20":"tag-sports","21":"tag-stade-brestois","22":"tag-stade-rennais"},"share_on_mastodon":{"url":"https:\/\/pubeurope.com\/@fr\/114543314703558801","error":""},"_links":{"self":[{"href":"https:\/\/www.europesays.com\/fr\/wp-json\/wp\/v2\/posts\/115723","targetHints":{"allow":["GET"]}}],"collection":[{"href":"https:\/\/www.europesays.com\/fr\/wp-json\/wp\/v2\/posts"}],"about":[{"href":"https:\/\/www.europesays.com\/fr\/wp-json\/wp\/v2\/types\/post"}],"author":[{"embeddable":true,"href":"https:\/\/www.europesays.com\/fr\/wp-json\/wp\/v2\/users\/2"}],"replies":[{"embeddable":true,"href":"https:\/\/www.europesays.com\/fr\/wp-json\/wp\/v2\/comments?post=115723"}],"version-history":[{"count":0,"href":"https:\/\/www.europesays.com\/fr\/wp-json\/wp\/v2\/posts\/115723\/revisions"}],"wp:featuredmedia":[{"embeddable":true,"href":"https:\/\/www.europesays.com\/fr\/wp-json\/wp\/v2\/media\/115724"}],"wp:attachment":[{"href":"https:\/\/www.europesays.com\/fr\/wp-json\/wp\/v2\/media?parent=115723"}],"wp:term":[{"taxonomy":"category","embeddable":true,"href":"https:\/\/www.europesays.com\/fr\/wp-json\/wp\/v2\/categories?post=115723"},{"taxonomy":"post_tag","embeddable":true,"href":"https:\/\/www.europesays.com\/fr\/wp-json\/wp\/v2\/tags?post=115723"}],"curies":[{"name":"wp","href":"https:\/\/api.w.org\/{rel}","templated":true}]}}