{"id":1157240,"date":"2026-08-30T11:53:14","date_gmt":"2026-08-30T11:53:14","guid":{"rendered":"https:\/\/www.europesays.com\/fr\/1157240\/"},"modified":"2026-08-30T11:53:14","modified_gmt":"2026-08-30T11:53:14","slug":"deux-hommes-ouvrent-le-feu-pres-dun-bar-a-chicha-a-marseille-un-homme-de-20-ans-tue-quatre-blesses-dont-deux-graves","status":"publish","type":"post","link":"https:\/\/www.europesays.com\/fr\/1157240\/","title":{"rendered":"Deux hommes ouvrent le feu pr\u00e8s d&rsquo;un bar \u00e0 chicha \u00e0 Marseille\u00a0: un homme de 20\u00a0ans tu\u00e9, quatre bless\u00e9s dont deux graves"},"content":{"rendered":"<p>Sc\u00e8ne de guerre cette nuit \u00e0 <a href=\"https:\/\/www.laprovence.com\/bouches-du-rhone\/marseille-13055\" target=\"_self\" rel=\"nofollow noopener\">Marseille<\/a>. Selon nos informations, autour de 00h30, deux hommes casqu\u00e9s et enti\u00e8rement v\u00eatus de noir ont ouvert le feu aux abords et \u00e0 l&rsquo;int\u00e9rieur d&rsquo;un bar \u00e0 Chicha de la rue d\u2019Amiens, dans le 3e arrondissement, dans le quartier de <a href=\"https:\/\/www.laprovence.com\/article\/faits-divers-justice\/27166090726288\/fusillade-a-marseille-possible-tentative-de-narchomicide-suspects-recherches-ce-que-lon-sait\" target=\"_self\" rel=\"nofollow noopener\">Saint-Lazare<\/a>.\u00a0<\/p>\n<p>Le bilan est tr\u00e8s lourd\u00a0: un homme de 20\u00a0ans a \u00e9t\u00e9 tu\u00e9 sur le coup, un autre de 23 ans a \u00e9t\u00e9 pris en charge par les marins-pompiers avec un pronostic vital engag\u00e9, un troisi\u00e8me de 20\u00a0ans est \u00e9galement en urgence absolue mais ses jours ne sont pas en danger, deux autres jeunes victimes sont \u00e0 d\u00e9plorer mais leur \u00e9tat ne suscite aucune inqui\u00e9tude. L&rsquo;une d&rsquo;elle, mineure, a pris la fuite \u00e0 l&rsquo;arriv\u00e9e des secours malgr\u00e9 ses blessures et n&rsquo;a pas pu \u00eatre transport\u00e9e aux urgence.\u00a0<\/p>\n<p>\u00ab\u00a0Le tireur est descendu de son scooter et a arros\u00e9 devant le bar puis \u00e0 l&rsquo;int\u00e9rieur \u00e0 l&rsquo;arme automatique. Une dizaine de douilles de 9mm ont \u00e9t\u00e9 retrouv\u00e9es\u00a0\u00bb, glisse une source polici\u00e8re.\u00a0<\/p>\n<p>La piste d&rsquo;un narchomicide privil\u00e9gi\u00e9e<\/p>\n<p>\u00c0 cette heure, la piste d\u2019une fusillade sur fond de rivalit\u00e9 entre \u00e9quipe\u00a0de trafiquants est privil\u00e9gi\u00e9e par la brigade criminelle, charg\u00e9e des investigations \u00ab\u00a0qui ne font que commencer\u00a0\u00bb, indique une source. \u00ab\u00a0On interroge les gens qui \u00e9taient sur place et on va regarder les bandes des cam\u00e9ras du quartier \u00ab\u00a0, souffle-t-elle.\u00a0<\/p>\n<p>Le 25 ao\u00fbt, un quinquag\u00e9naire avait \u00e9t\u00e9 gri\u00e8vement bless\u00e9 par balle \u00e0 proximit\u00e9 de la tour <a href=\"https:\/\/www.laprovence.com\/article\/faits-divers-justice\/68713824354492\/fusillade-a-marseille-un-blesse-par-balle-dans-la-cite-bel-horizon\" target=\"_self\" rel=\"nofollow noopener\">Bel Horizon<\/a>, \u00e0 moins de 200 de m\u00e8tres de l\u00e0.<\/p>\n","protected":false},"excerpt":{"rendered":"Sc\u00e8ne de guerre cette nuit \u00e0 Marseille. Selon nos informations, autour de 00h30, deux hommes casqu\u00e9s et enti\u00e8rement&hellip;\n","protected":false},"author":2,"featured_media":1157241,"comment_status":"","ping_status":"","sticky":false,"template":"","format":"standard","meta":{"footnotes":"","_share_on_mastodon":"0"},"categories":[2814],"tags":[6873,5734,1111,11,9732,1102,94056,1446,1777,674,274,1011,27,3832,4933,884,12,882,25,5911],"class_list":["post-1157240","post","type-post","status-publish","format-standard","has-post-thumbnail","category-marseille","tag-20-ans","tag-5734","tag-actu","tag-actualites","tag-bar","tag-breakingnews","tag-chicha","tag-dans","tag-eu","tag-europe","tag-faits-divers-justice","tag-fr","tag-france","tag-fusillade","tag-homme","tag-marseille","tag-news","tag-provence-alpes-cote-dazur","tag-republique-francaise","tag-tue"],"share_on_mastodon":{"url":"https:\/\/pubeurope.com\/@fr\/117184325471861004","error":""},"_links":{"self":[{"href":"https:\/\/www.europesays.com\/fr\/wp-json\/wp\/v2\/posts\/1157240","targetHints":{"allow":["GET"]}}],"collection":[{"href":"https:\/\/www.europesays.com\/fr\/wp-json\/wp\/v2\/posts"}],"about":[{"href":"https:\/\/www.europesays.com\/fr\/wp-json\/wp\/v2\/types\/post"}],"author":[{"embeddable":true,"href":"https:\/\/www.europesays.com\/fr\/wp-json\/wp\/v2\/users\/2"}],"replies":[{"embeddable":true,"href":"https:\/\/www.europesays.com\/fr\/wp-json\/wp\/v2\/comments?post=1157240"}],"version-history":[{"count":0,"href":"https:\/\/www.europesays.com\/fr\/wp-json\/wp\/v2\/posts\/1157240\/revisions"}],"wp:featuredmedia":[{"embeddable":true,"href":"https:\/\/www.europesays.com\/fr\/wp-json\/wp\/v2\/media\/1157241"}],"wp:attachment":[{"href":"https:\/\/www.europesays.com\/fr\/wp-json\/wp\/v2\/media?parent=1157240"}],"wp:term":[{"taxonomy":"category","embeddable":true,"href":"https:\/\/www.europesays.com\/fr\/wp-json\/wp\/v2\/categories?post=1157240"},{"taxonomy":"post_tag","embeddable":true,"href":"https:\/\/www.europesays.com\/fr\/wp-json\/wp\/v2\/tags?post=1157240"}],"curies":[{"name":"wp","href":"https:\/\/api.w.org\/{rel}","templated":true}]}}