{"id":1157244,"date":"2026-08-30T11:55:15","date_gmt":"2026-08-30T11:55:15","guid":{"rendered":"https:\/\/www.europesays.com\/fr\/1157244\/"},"modified":"2026-08-30T11:55:15","modified_gmt":"2026-08-30T11:55:15","slug":"le-temps-est-venu-dagir-ensemble-jeremie-breaud-interpelle-gregory-doucet-sur-la-securite-a-lyon","status":"publish","type":"post","link":"https:\/\/www.europesays.com\/fr\/1157244\/","title":{"rendered":"\u00ab\u00a0Le temps est venu d\u2019agir ensemble\u00a0\u00bb : J\u00e9r\u00e9mie Br\u00e9aud interpelle Gr\u00e9gory Doucet sur la s\u00e9curit\u00e9 \u00e0 Lyon"},"content":{"rendered":"<p itemprop=\"description\"><strong>Le vice-pr\u00e9sident de la M\u00e9tropole de Lyon charg\u00e9 de la S\u00e9curit\u00e9, J\u00e9r\u00e9mie Br\u00e9aud, adresse une nouvelle charge \u00e0 Gr\u00e9gory Doucet, sur fond de classement des villes o\u00f9 r\u00e8gne le plus d&rsquo;ins\u00e9curit\u00e9.<\/strong><\/p>\n<p>Le ton reste offensif entre J\u00e9r\u00e9mie Br\u00e9aud et Gr\u00e9gory Doucet sur la question de la s\u00e9curit\u00e9.<\/p>\n<p>Dans un message adress\u00e9 au maire de Lyon, le vice-pr\u00e9sident de la M\u00e9tropole charg\u00e9 de la S\u00e9curit\u00e9 revient d\u2019abord sur leurs \u00e9changes intervenus apr\u00e8s le d\u00e9c\u00e8s d\u2019un homme de 82 ans dans le m\u00e9tro.<\/p>\n<p>\u00ab\u00a0Le week-end dernier, je vous avais apostroph\u00e9 sur les r\u00e9seaux sociaux pour vous dire que vous ne manquiez pas d\u2019air !\u00a0\u00bb, rappelle-t-il, reprochant \u00e0 Gr\u00e9gory Doucet d\u2019avoir d\u00e9clar\u00e9 que c\u2019\u00e9tait \u00ab\u00a0\u00e0 la M\u00e9tropole de renforcer la s\u00e9curit\u00e9\u00a0\u00bb.<\/p>\n<p>Br\u00e9aud s\u2019appuie sur un classement de Valeurs actuelles<\/p>\n<p>Le vice-pr\u00e9sident m\u00e9tropolitain cite ensuite le dernier classement consacr\u00e9 \u00e0 la s\u00e9curit\u00e9 publi\u00e9 par Valeurs actuelles. Celui-ci place Lyon comme la commune la plus dangereuse de France devant Grenoble et Marseille.<\/p>\n<p>\u00ab\u00a0Vous qui nous donnez tant de le\u00e7ons, votre Ville de Lyon est tout simplement la commune la plus dangereuse de France\u00a0\u00bb, attaque le maire LR de Bron.<\/p>\n<p>Au-del\u00e0 de la pol\u00e9mique, J\u00e9r\u00e9mie Br\u00e9aud renouvelle une proposition d\u00e9j\u00e0 formul\u00e9e avec V\u00e9ronique Sarselli, pr\u00e9sidente de la M\u00e9tropole de Lyon, mardi lors d&rsquo;un d\u00e9placement dans le m\u00e9tro lyonnais. A savoir celle \u00ab\u00a0d&rsquo;accepter notre main tendue et d\u2019accepter notre aide, notamment financi\u00e8re, pour renforcer la s\u00e9curit\u00e9 \u00e0 Lyon\u00a0\u00bb, \u00e9crit-il \u00e0 Gr\u00e9gory Doucet.<\/p>\n<p>Le vice-pr\u00e9sident estime d\u00e9sormais que \u00ab\u00a0le temps est venu d\u2019agir ensemble pour le bien-\u00eatre des Lyonnais et Grands Lyonnais\u00a0\u00bb. Il conclut son message par une citation de Pierre Corneille adress\u00e9e au maire de Lyon : \u00ab\u00a0Pratiquez vos conseils ou n\u2019en donnez pas.\u00a0\u00bb<\/p>\n","protected":false},"excerpt":{"rendered":"Le vice-pr\u00e9sident de la M\u00e9tropole de Lyon charg\u00e9 de la S\u00e9curit\u00e9, J\u00e9r\u00e9mie Br\u00e9aud, adresse une nouvelle charge \u00e0&hellip;\n","protected":false},"author":2,"featured_media":1157245,"comment_status":"","ping_status":"","sticky":false,"template":"","format":"standard","meta":{"footnotes":"","_share_on_mastodon":"0"},"categories":[1889],"tags":[1111,11,2813,2190,2430,1109,251,1112,2811,1777,674,118,1011,27,1922,1110,1114,2428,2810,12,241,316,25,2812,517,800],"class_list":["post-1157244","post","type-post","status-publish","format-standard","has-post-thumbnail","category-lyon","tag-actu","tag-actualites","tag-article","tag-asvel","tag-auvergne-rhone-alpes","tag-breves","tag-culture","tag-depeches","tag-economique","tag-eu","tag-europe","tag-faits-divers","tag-fr","tag-france","tag-info","tag-informations","tag-infos","tag-lyon","tag-lyonmag","tag-news","tag-ol","tag-politique","tag-republique-francaise","tag-sociale","tag-sport","tag-transports"],"share_on_mastodon":{"url":"https:\/\/pubeurope.com\/@fr\/117184333579992855","error":""},"_links":{"self":[{"href":"https:\/\/www.europesays.com\/fr\/wp-json\/wp\/v2\/posts\/1157244","targetHints":{"allow":["GET"]}}],"collection":[{"href":"https:\/\/www.europesays.com\/fr\/wp-json\/wp\/v2\/posts"}],"about":[{"href":"https:\/\/www.europesays.com\/fr\/wp-json\/wp\/v2\/types\/post"}],"author":[{"embeddable":true,"href":"https:\/\/www.europesays.com\/fr\/wp-json\/wp\/v2\/users\/2"}],"replies":[{"embeddable":true,"href":"https:\/\/www.europesays.com\/fr\/wp-json\/wp\/v2\/comments?post=1157244"}],"version-history":[{"count":0,"href":"https:\/\/www.europesays.com\/fr\/wp-json\/wp\/v2\/posts\/1157244\/revisions"}],"wp:featuredmedia":[{"embeddable":true,"href":"https:\/\/www.europesays.com\/fr\/wp-json\/wp\/v2\/media\/1157245"}],"wp:attachment":[{"href":"https:\/\/www.europesays.com\/fr\/wp-json\/wp\/v2\/media?parent=1157244"}],"wp:term":[{"taxonomy":"category","embeddable":true,"href":"https:\/\/www.europesays.com\/fr\/wp-json\/wp\/v2\/categories?post=1157244"},{"taxonomy":"post_tag","embeddable":true,"href":"https:\/\/www.europesays.com\/fr\/wp-json\/wp\/v2\/tags?post=1157244"}],"curies":[{"name":"wp","href":"https:\/\/api.w.org\/{rel}","templated":true}]}}