{"id":1157288,"date":"2026-08-30T12:25:12","date_gmt":"2026-08-30T12:25:12","guid":{"rendered":"https:\/\/www.europesays.com\/fr\/1157288\/"},"modified":"2026-08-30T12:25:12","modified_gmt":"2026-08-30T12:25:12","slug":"jean-dupas-au-musee-des-beaux-arts-de-bordeaux-la-premiere-retrospective-dun-representant-eminent-de-lart-deco","status":"publish","type":"post","link":"https:\/\/www.europesays.com\/fr\/1157288\/","title":{"rendered":"Jean Dupas au Mus\u00e9e des beaux-arts de Bordeaux, la premi\u00e8re r\u00e9trospective d\u2019un repr\u00e9sentant \u00e9minent de l\u2019Art d\u00e9co"},"content":{"rendered":"<p>\n    L\u2019\u00e9tablissement propose la premi\u00e8re r\u00e9trospective de ce peintre-d\u00e9corateur, \u00e9minent repr\u00e9sentant de l\u2019Art d\u00e9co, aujourd\u2019hui oubli\u00e9 du grand public. Une r\u00e9habilitation bienvenue, riche en \u0153uvres singuli\u00e8res.<\/p>\n<p class=\"fig-paragraph\">Ingrate post\u00e9rit\u00e9\u2026 Jadis c\u00e9l\u00e8bre et couvert d\u2019honneurs, le peintre et d\u00e9corateur Jean Dupas (1882-1964) a aujourd\u2019hui disparu des \u00e9crans radars. D\u2019o\u00f9 l\u2019initiative du MusBA de replacer cet \u00e9minent ambassadeur de l\u2019<a href=\"http:\/\/www.lefigaro.fr\/maison\/laiton-geometrie-et-palmiers-le-style-art-deco-inspire-toujours-autant-cent-ans-plus-tard-20260601\" data-fig-type=\"Article\" data-gtm-custom-categorie=\"navigation\" data-gtm-custom-action=\"crossclick\" data-gtm-custom-label=\"Contextuel\" data-gtm-event=\"customEventSPE\" data-fig-domain=\"LEFIGARO\" rel=\"nofollow noopener\" target=\"_blank\">Art d\u00e9co<\/a>, laur\u00e9at du prix de Rome en 1910, sous le feu des projecteurs. \u00ab\u00a0Il s\u2019agit de sa premi\u00e8re r\u00e9trospective, alors m\u00eame qu\u2019il fut une des grandes figures de la sc\u00e8ne artistique bordelaise de l\u2019entre-deux-guerres\u00a0\u00bb, note la directrice des lieux Sophie Barth\u00e9l\u00e9my. Preuve de sa popularit\u00e9 d\u2019antan\u00a0: son portrait, ex\u00e9cut\u00e9 en 1936 par Jacques-\u00c9mile Blanche, qui ouvre le bal des d\u00e9couvertes dans la section consacr\u00e9e aux premi\u00e8res ann\u00e9es de sa carri\u00e8re. D\u2019autres noms, eux aussi tomb\u00e9s dans l\u2019oubli, claquent en ce d\u00e9but de parcours. \u00c0 l\u2019image de celui de Paul Quinsac, gr\u00e2ce auquel il s\u2019initia au style acad\u00e9mique, ou de Gustave Artus, ancien d\u00e9corateur du Th\u00e9\u00e2tre de Bordeaux.<\/p>\n<p class=\"fig-paragraph\">Les r\u00e9v\u00e9lations se poursuivent sur cet homme ayant travaill\u00e9 sous plusieurs r\u00e9gimes, de la IIIe \u00e0 la\u2026<\/p>\n<p class=\"fig-premium-paywall__infos\">\n        Cet article est r\u00e9serv\u00e9 aux abonn\u00e9s.        Il vous reste 74% \u00e0 d\u00e9couvrir.\n    <\/p>\n<p>                <img  data- alt=\"Le Figaro\" class=\"fig-img--complete fig-img\"\/><\/p>\n<p class=\"fig-premium-paywall__title\">Vous avez envie de lire la suite ?<\/p>\n<p class=\"fig-premium-paywall__subtitle\">D\u00e9bloquez tous les articles imm\u00e9diatement.<\/p>\n<p class=\"fig-premium-paywall__connect\">\n                D\u00e9j\u00e0 abonn\u00e9\u00a0?                <a class=\"fig-premium-paywall__connect-link\" href=\"https:\/\/connect.lefigaro.fr\/login?client=horizon_web&amp;type=main&amp;redirect_uri=https%3A%2F%2Fwww.lefigaro.fr%2Farts-expositions%2Fjean-dupas-au-musee-des-beaux-arts-de-bordeaux-la-premiere-retrospective-d-un-representant-eminent-de-l-art-deco-20260830\" data-js-gtm=\"{&quot;event&quot;:&quot;customEventGA4&quot;,&quot;eventName&quot;:&quot;click_action&quot;,&quot;feature&quot;:&quot;paywall&quot;,&quot;location&quot;:&quot;paywall&quot;,&quot;button_action&quot;:&quot;connect&quot;,&quot;click_text&quot;:&quot;Connectez-vous&quot;}\" rel=\"nofollow noopener\" target=\"_blank\"><br \/>\n                    Connectez-vous<br \/>\n                <\/a>\n            <\/p>\n","protected":false},"excerpt":{"rendered":"L\u2019\u00e9tablissement propose la premi\u00e8re r\u00e9trospective de ce peintre-d\u00e9corateur, \u00e9minent repr\u00e9sentant de l\u2019Art d\u00e9co, aujourd\u2019hui oubli\u00e9 du grand public.&hellip;\n","protected":false},"author":2,"featured_media":1157289,"comment_status":"","ping_status":"","sticky":false,"template":"","format":"standard","meta":{"footnotes":"","_share_on_mastodon":"0"},"categories":[1358],"tags":[10056,1348,1384,1385,1997,1386,58,59,1011,27,3048],"class_list":["post-1157288","post","type-post","status-publish","format-standard","has-post-thumbnail","category-arts-et-design","tag-art-deco","tag-arts","tag-arts-and-design","tag-arts-et-design","tag-bordeaux","tag-design","tag-divertissement","tag-entertainment","tag-fr","tag-france","tag-musee"],"share_on_mastodon":{"url":"https:\/\/pubeurope.com\/@fr\/117184451354307317","error":""},"_links":{"self":[{"href":"https:\/\/www.europesays.com\/fr\/wp-json\/wp\/v2\/posts\/1157288","targetHints":{"allow":["GET"]}}],"collection":[{"href":"https:\/\/www.europesays.com\/fr\/wp-json\/wp\/v2\/posts"}],"about":[{"href":"https:\/\/www.europesays.com\/fr\/wp-json\/wp\/v2\/types\/post"}],"author":[{"embeddable":true,"href":"https:\/\/www.europesays.com\/fr\/wp-json\/wp\/v2\/users\/2"}],"replies":[{"embeddable":true,"href":"https:\/\/www.europesays.com\/fr\/wp-json\/wp\/v2\/comments?post=1157288"}],"version-history":[{"count":0,"href":"https:\/\/www.europesays.com\/fr\/wp-json\/wp\/v2\/posts\/1157288\/revisions"}],"wp:featuredmedia":[{"embeddable":true,"href":"https:\/\/www.europesays.com\/fr\/wp-json\/wp\/v2\/media\/1157289"}],"wp:attachment":[{"href":"https:\/\/www.europesays.com\/fr\/wp-json\/wp\/v2\/media?parent=1157288"}],"wp:term":[{"taxonomy":"category","embeddable":true,"href":"https:\/\/www.europesays.com\/fr\/wp-json\/wp\/v2\/categories?post=1157288"},{"taxonomy":"post_tag","embeddable":true,"href":"https:\/\/www.europesays.com\/fr\/wp-json\/wp\/v2\/tags?post=1157288"}],"curies":[{"name":"wp","href":"https:\/\/api.w.org\/{rel}","templated":true}]}}