{"id":1157296,"date":"2026-08-30T12:30:20","date_gmt":"2026-08-30T12:30:20","guid":{"rendered":"https:\/\/www.europesays.com\/fr\/1157296\/"},"modified":"2026-08-30T12:30:20","modified_gmt":"2026-08-30T12:30:20","slug":"ces-deux-symptomes-nocturnes-peuvent-sembler-anodins-mais-ils-sont-parfois-associes-a-certains-cancers","status":"publish","type":"post","link":"https:\/\/www.europesays.com\/fr\/1157296\/","title":{"rendered":"Ces deux sympt\u00f4mes nocturnes peuvent sembler anodins\u2026 mais ils sont parfois associ\u00e9s \u00e0 certains cancers"},"content":{"rendered":"<p>La d\u00e9tection pr\u00e9coce demeure l&rsquo;une des meilleures armes contre le <a href=\"https:\/\/www.futura-sciences.com\/sante\/questions-reponses\/cancer-cancer-colorectal-sont-symptomes-causes-cette-maladie-mortelle-781\/\" title=\"Cancer colorectal : quels sont les sympt\u00f4mes et les causes de cette maladie mortelle ?\" rel=\"nofollow noopener\" target=\"_blank\">cancer<\/a>. Selon les experts m\u00e9dicaux, identifier rapidement les sympt\u00f4mes permet de mettre en place des traitements plus efficaces et moins <a href=\"https:\/\/www.futura-sciences.com\/sante\/definitions\/medecine-invasif-2739\/\" rel=\"nofollow noopener\" target=\"_blank\">invasifs<\/a>. Parmi les nombreux signes avant-coureurs, certains se manifestent plus clairement pendant notre sommeil ou au r\u00e9veil. Ces sympt\u00f4mes <a href=\"https:\/\/www.futura-sciences.com\/planete\/definitions\/zoologie-nocturne-6741\/\" rel=\"nofollow noopener\" target=\"_blank\">nocturnes<\/a>, souvent n\u00e9glig\u00e9s, peuvent constituer des indicateurs pr\u00e9cieux pour un diagnostic rapide.<\/p>\n<p>Les sueurs nocturnes anormales comme signal d&rsquo;alarme<\/p>\n<p>Se r\u00e9veiller avec des draps tremp\u00e9s peut \u00eatre bien plus qu&rsquo;un simple d\u00e9sagr\u00e9ment. Les organisations sp\u00e9cialis\u00e9es comme Cancer Research UK consid\u00e8rent les sueurs nocturnes excessives comme un sympt\u00f4me potentiellement li\u00e9 \u00e0 certains types de cancer.<\/p>\n<p>Ces <a href=\"https:\/\/www.futura-sciences.com\/sante\/questions-reponses\/corps-humain-canicule-eviter-traces-transpiration-17254\/\" title=\"Canicule : comment \u00e9viter les traces de transpiration ?\" rel=\"nofollow noopener\" target=\"_blank\">transpirations<\/a> nocturnes se distinguent des sueurs habituelles par leur intensit\u00e9 et leur fr\u00e9quence. Elles surviennent ind\u00e9pendamment de la temp\u00e9rature ambiante et peuvent tremper compl\u00e8tement les v\u00eatements de nuit et la <a href=\"https:\/\/www.futura-sciences.com\/maison\/comparatifs\/meilleur-matelas-comparatif\/\" title=\"Comparatif matelas\" class=\"link-type-comparo\" rel=\"nofollow noopener\" target=\"_blank\">literie<\/a>. Contrairement aux bouff\u00e9es de <a href=\"https:\/\/www.futura-sciences.com\/sciences\/definitions\/physique-chaleur-15898\/\" rel=\"nofollow noopener\" target=\"_blank\">chaleur<\/a> occasionnelles, ces \u00e9pisodes se r\u00e9p\u00e8tent r\u00e9guli\u00e8rement.<\/p>\n<p>\n            <img decoding=\"async\" data-imgid=\"sm\" src=\"https:\/\/www.europesays.com\/fr\/wp-content\/uploads\/2026\/08\/signes-demence-sommeil.png\" width=\"320\" height=\"320\" alt=\"Un neurologue tire la sonnette d\u2019alarme sur ce signe qui survient la nuit. \u00a9 Vera_Petrunina, iStock\u00a0\" loading=\"lazy\"\/><br \/>\n        <a href=\"https:\/\/www.futura-sciences.com\/sante\/actualites\/demence-signe-nocturne-peu-connu-pourrait-annoncer-risque-demence-c7g3-126194\/\" class=\"article-link article-title\" target=\"_blank\" rel=\"nofollow noopener\">Un signe nocturne peu connu pourrait annoncer un risque de d\u00e9mence<\/a><\/p>\n<p class=\"article-synopsis\">\n        Troubles nocturnes agit\u00e9s, difficult\u00e9s d&rsquo;\u00e9quilibre, isolement social : ces signaux apparemment anodins pourraient masquer un danger insoup\u00e7onn\u00e9. Les sp\u00e9cialistes identifient d\u00e9sormais des marqueurs pr\u00e9coces de d\u00e9mence qui se manifestent bien avant les premiers oublis. Certains comportements pendant le sommeil m\u00e9ritent une attention particuli\u00e8re&#8230;. Lire la suite\n    <\/p>\n<\/p>\n<p>Les experts m\u00e9dicaux recommandent de consulter un professionnel de sant\u00e9 lorsque ces sueurs nocturnes persistent pendant plusieurs semaines sans explication \u00e9vidente. Ce sympt\u00f4me est particuli\u00e8rement associ\u00e9 aux lymphomes et \u00e0 certaines <a href=\"https:\/\/www.futura-sciences.com\/sante\/definitions\/medecine-leucemie-2748\/\" rel=\"nofollow noopener\" target=\"_blank\">leuc\u00e9mies<\/a>, mais peut \u00e9galement appara\u00eetre dans d&rsquo;autres types de cancers.<\/p>\n<p class=\"fs-media\">\n<p><img decoding=\"async\" data-imgid=\"full\" src=\"https:\/\/www.europesays.com\/fr\/wp-content\/uploads\/2026\/08\/cancer-sommeil-symptomes.png\" width=\"1080\" height=\"1619\" alt=\"\" loading=\"lazy\"\/><br \/>\n\u00a0Soyez vigilants face \u00e0 ces sympt\u00f4mes nocturnes. Ils peuvent \u00eatre les signes avant-coureurs d&rsquo;un cancer. Son diagnostic pr\u00e9coce peut significativement am\u00e9liorer les chances de survie. \u00a9 Enes Evren, iStock<\/p>\n<p>Fatigue persistante malgr\u00e9 un sommeil complet<\/p>\n<p>Un autre signe pr\u00e9occupant est l&rsquo;\u00e9puisement chronique qui persiste m\u00eame apr\u00e8s une nuit de sommeil apparemment normale. En <a href=\"https:\/\/www.futura-sciences.com\/sante\/definitions\/cancer-oncologie-2789\/\" rel=\"nofollow noopener\" target=\"_blank\">canc\u00e9rologie<\/a>, cette fatigue constante <a href=\"https:\/\/www.futura-sciences.com\/maison\/definitions\/maison-porte-10855\/\" rel=\"nofollow noopener\" target=\"_blank\">porte<\/a> un nom sp\u00e9cifique : l&rsquo;<a href=\"https:\/\/www.futura-sciences.com\/sante\/questions-reponses\/corps-humain-difference-asthenie-fatigue-20489\/\" title=\"Quelle est la diff\u00e9rence entre asth\u00e9nie et fatigue\u00a0?\" rel=\"nofollow noopener\" target=\"_blank\">asth\u00e9nie<\/a>.<\/p>\n<p>L&rsquo;<a href=\"https:\/\/www.futura-sciences.com\/sante\/definitions\/medecine-asthenie-5957\/\" rel=\"nofollow noopener\" target=\"_blank\">asth\u00e9nie<\/a> canc\u00e9reuse se caract\u00e9rise par :<\/p>\n<ul dir=\"ltr\">\n<li role=\"presentation\">une sensation de fatigue intense d\u00e8s le r\u00e9veil ;<\/li>\n<li role=\"presentation\">une absence d&rsquo;am\u00e9lioration malgr\u00e9 le repos ;<\/li>\n<li role=\"presentation\">un impact significatif sur les activit\u00e9s quotidiennes ;<\/li>\n<li role=\"presentation\">une persistance dans le temps.<\/li>\n<\/ul>\n<p>Cette fatigue diff\u00e8re de l&rsquo;\u00e9puisement normal par son caract\u00e8re disproportionn\u00e9 par rapport \u00e0 l&rsquo;effort fourni. Elle r\u00e9sulte souvent de la consommation d&rsquo;<a href=\"https:\/\/www.futura-sciences.com\/sciences\/definitions\/energie-energie-15884\/\" rel=\"nofollow noopener\" target=\"_blank\">\u00e9nergie<\/a> par les cellules canc\u00e9reuses ou des r\u00e9actions inflammatoires de l&rsquo;organisme face \u00e0 la maladie.<\/p>\n<p>Saignements nocturnes inexpliqu\u00e9s<\/p>\n<p>Les <a href=\"https:\/\/www.futura-sciences.com\/sante\/questions-reponses\/corps-humain-arreter-saignement-nez-2671\/\" title=\"Comment arr\u00eater un saignement de nez ?\" rel=\"nofollow noopener\" target=\"_blank\">saignements<\/a> qui surviennent pendant la nuit constituent un autre sympt\u00f4me alarmant. Ils peuvent se manifester de diff\u00e9rentes fa\u00e7ons selon le type et la localisation du cancer potentiel.<\/p>\n<p>Pendant vos passages nocturnes aux toilettes, soyez attentif \u00e0 la pr\u00e9sence de sang dans les selles, les urines ou, pour les femmes, \u00e0 des saignements vaginaux anormaux en dehors des p\u00e9riodes menstruelles. De m\u00eame, les toux nocturnes accompagn\u00e9es de sang ou les vomissements sanglants doivent imp\u00e9rativement conduire \u00e0 une consultation m\u00e9dicale rapide.<\/p>\n<p>\n            <img decoding=\"async\" data-imgid=\"sm\" src=\"https:\/\/www.europesays.com\/fr\/wp-content\/uploads\/2026\/08\/2-prevention-detection-cancers.png\" width=\"320\" height=\"320\" alt=\"Attention \u00e0 ces signes discrets qui pourraient \u00eatre les premiers sympt\u00f4mes d\u2019un cancer. \u00a9 SDI Production, iStock\" loading=\"lazy\"\/><br \/>\n        <a href=\"https:\/\/www.futura-sciences.com\/sante\/questions-reponses\/cancer-cancer-voici-premiers-symptomes-meconnus-doivent-vous-alerter-23327\/\" class=\"article-link article-title\" target=\"_blank\" rel=\"nofollow noopener\">Cancer : voici les premiers sympt\u00f4mes m\u00e9connus qui doivent vous alerter<\/a><\/p>\n<p class=\"article-synopsis\">\n        Le cancer reste l&rsquo;une des principales causes de mortalit\u00e9 en France. D\u00e9tecter pr\u00e9cocement les signes avant-coureurs peut sauver des vies. Quels sont ces sympt\u00f4mes alarmants \u00e0 ne pas n\u00e9gliger ? Comment r\u00e9agir face \u00e0 ces signaux d&rsquo;alerte ? D\u00e9couvrons ensemble les cl\u00e9s pour pr\u00e9venir et agir contre cette maladie redout\u00e9e&#8230;. Lire la suite\n    <\/p>\n<\/p>\n<p>Ces saignements peuvent \u00eatre intermittents et parfois discrets, d&rsquo;o\u00f9 l&rsquo;importance d&rsquo;une vigilance particuli\u00e8re, surtout lorsqu&rsquo;ils se produisent sans cause apparente comme un traumatisme r\u00e9cent.<\/p>\n<p>Signes compl\u00e9mentaires n\u00e9cessitant attention m\u00e9dicale<\/p>\n<p>Au-del\u00e0 des sympt\u00f4mes strictement nocturnes, d&rsquo;autres manifestations peuvent s&rsquo;av\u00e9rer pr\u00e9occupantes lorsqu&rsquo;elles persistent ou s&rsquo;intensifient avec le temps.<\/p>\n<p>Une <a href=\"https:\/\/www.futura-sciences.com\/sante\/questions-reponses\/regime-alimentaire-ces-5-gestes-matin-accelerent-votre-perte-poids-22117\/\" title=\"Pourquoi ces 5 gestes du matin acc\u00e9l\u00e8rent-ils votre perte de poids ?\" rel=\"nofollow noopener\" target=\"_blank\">perte de poids<\/a> inexpliqu\u00e9e, particuli\u00e8rement si elle survient rapidement sans modification du r\u00e9gime alimentaire ou de l&rsquo;activit\u00e9 <a href=\"https:\/\/www.futura-sciences.com\/sciences\/definitions\/physique-physique-15839\/\" rel=\"nofollow noopener\" target=\"_blank\">physique<\/a>, m\u00e9rite une \u00e9valuation m\u00e9dicale. La pr\u00e9sence de grosseurs ou de gonflements au niveau du cou, des aisselles, de l&rsquo;<a href=\"https:\/\/www.futura-sciences.com\/sante\/definitions\/medecine-abdomen-2108\/\" rel=\"nofollow noopener\" target=\"_blank\">abdomen<\/a> ou d&rsquo;autres parties du corps constitue \u00e9galement un motif l\u00e9gitime de consultation.<\/p>\n<p>\n            <img decoding=\"async\" data-imgid=\"sm\" src=\"https:\/\/www.europesays.com\/fr\/wp-content\/uploads\/2026\/08\/prostate.jpg\" width=\"320\" height=\"320\" alt=\"L\u2019\u00e9jaculation, ph\u00e9nom\u00e8ne physiologique, consiste en une \u00e9mission par les diff\u00e9rents organes sexuels (prostate, v\u00e9sicules s\u00e9minales) d\u2019un liquide biologique, le sperme, qui a lieu g\u00e9n\u00e9ralement au cours de l\u2019orgasme masculin. \u00a9 Peakstock, Adobe Stock\" loading=\"lazy\"\/><br \/>\n        <a href=\"https:\/\/www.futura-sciences.com\/sante\/questions-reponses\/cancer-prostate-ejaculer-frequemment-aide-t-il-prevenir-cancer-prostate-22396\/\" class=\"article-link article-title\" target=\"_blank\" rel=\"nofollow noopener\">Ejaculer fr\u00e9quemment aide-t-il \u00e0 pr\u00e9venir le cancer de la prostate ?<\/a><\/p>\n<p class=\"article-synopsis\">\n        L\u2019id\u00e9e qu\u2019une activit\u00e9 \u00e9jaculatoire r\u00e9guli\u00e8re pourrait prot\u00e9ger la prostate circule depuis plus d\u2019un demi-si\u00e8cle. Des cohortes am\u00e9ricaines confortent cette hypoth\u00e8se ; une m\u00e9ta-analyse chinoise la nuance. O\u00f9 en est la science ? Tour d\u2019horizon des donn\u00e9es disponibles, sans tabou et sans sp\u00e9culation h\u00e2tive&#8230;. Lire la suite\n    <\/p>\n<\/p>\n<p>Les modifications de l&rsquo;apparence physique comme un changement au niveau d&rsquo;un sein, l&rsquo;\u00e9volution d&rsquo;un <a href=\"https:\/\/www.futura-sciences.com\/sante\/definitions\/medecine-naevus-2775\/\" rel=\"nofollow noopener\" target=\"_blank\">grain de beaut\u00e9<\/a> ou une alt\u00e9ration persistante de la voix compl\u00e8tent cette liste de signaux d&rsquo;alerte. Ces signes, surtout lorsqu&rsquo;ils s&rsquo;accumulent, justifient pleinement une d\u00e9marche m\u00e9dicale pr\u00e9ventive.<\/p>\n<p>L&rsquo;importance d&rsquo;une vigilance proactive<\/p>\n<p>Face \u00e0 ces <a href=\"https:\/\/www.futura-sciences.com\/sante\/questions-reponses\/cancer-cancer-premiers-symptomes-vous-ne-devez-surtout-pas-ignorer-22099\/\" title=\"Cancer : les premiers sympt\u00f4mes que vous ne devez surtout pas ignorer\" rel=\"nofollow noopener\" target=\"_blank\">sympt\u00f4mes<\/a>, l&rsquo;attitude la plus sage reste la vigilance sans panique inutile. La plupart de ces manifestations peuvent avoir des causes b\u00e9nignes, mais leur persistance ou leur association doit inciter \u00e0 consulter.<\/p>\n<p>Conna\u00eetre son corps et ses r\u00e9actions habituelles permet de rep\u00e9rer plus rapidement tout changement significatif. Cette connaissance personnelle, combin\u00e9e \u00e0 des contr\u00f4les m\u00e9dicaux r\u00e9guliers, constitue la meilleure strat\u00e9gie pour d\u00e9tecter pr\u00e9cocement d&rsquo;\u00e9ventuelles <a href=\"https:\/\/www.futura-sciences.com\/sante\/definitions\/medecine-pathologie-2800\/\" rel=\"nofollow noopener\" target=\"_blank\">pathologies<\/a> graves.<\/p>\n<p>Rappelons que le <a href=\"https:\/\/www.futura-sciences.com\/sante\/questions-reponses\/cancer-sein-sont-differentes-methodes-depistage-cancer-sein-16287\/\" title=\"Quelles sont les diff\u00e9rentes m\u00e9thodes de d\u00e9pistage du cancer du sein ?\" rel=\"nofollow noopener\" target=\"_blank\">d\u00e9pistage<\/a> et le diagnostic\u00a0pr\u00e9coce d&rsquo;un cancer multiplient consid\u00e9rablement les chances de <a href=\"https:\/\/www.futura-sciences.com\/sante\/definitions\/medecine-guerison-2707\/\" rel=\"nofollow noopener\" target=\"_blank\">gu\u00e9rison<\/a> et permettent des traitements moins lourds. La vigilance face aux sympt\u00f4mes nocturnes repr\u00e9sente donc un v\u00e9ritable investissement pour sa sant\u00e9 future.<\/p>\n<p>\u00a0<\/p>\n","protected":false},"excerpt":{"rendered":"La d\u00e9tection pr\u00e9coce demeure l&rsquo;une des meilleures armes contre le cancer. Selon les experts m\u00e9dicaux, identifier rapidement les&hellip;\n","protected":false},"author":2,"featured_media":1157297,"comment_status":"","ping_status":"","sticky":false,"template":"","format":"standard","meta":{"footnotes":"","_share_on_mastodon":"0"},"categories":[10],"tags":[118580,25671,101,14754,118581,4989,1011,27,23495,72,278,24886,28249,75800,30713,71,118582,279,28248,118579,118583],"class_list":["post-1157296","post","type-post","status-publish","format-standard","has-post-thumbnail","category-sante","tag-asthenie","tag-bouffees-de-chaleur","tag-cancer","tag-depistage","tag-diagnostic-precoce","tag-fatigue","tag-fr","tag-france","tag-grain-de-beaute","tag-health","tag-les-tendances","tag-leucemie","tag-perte-de-poids","tag-prevention-des-cancers","tag-saignement","tag-sante","tag-signes-avant-coureurs","tag-sommeil","tag-sueurs-nocturnes","tag-transpiration","tag-vomissements-sanglants"],"share_on_mastodon":{"url":"https:\/\/pubeurope.com\/@fr\/117184471724382073","error":""},"_links":{"self":[{"href":"https:\/\/www.europesays.com\/fr\/wp-json\/wp\/v2\/posts\/1157296","targetHints":{"allow":["GET"]}}],"collection":[{"href":"https:\/\/www.europesays.com\/fr\/wp-json\/wp\/v2\/posts"}],"about":[{"href":"https:\/\/www.europesays.com\/fr\/wp-json\/wp\/v2\/types\/post"}],"author":[{"embeddable":true,"href":"https:\/\/www.europesays.com\/fr\/wp-json\/wp\/v2\/users\/2"}],"replies":[{"embeddable":true,"href":"https:\/\/www.europesays.com\/fr\/wp-json\/wp\/v2\/comments?post=1157296"}],"version-history":[{"count":0,"href":"https:\/\/www.europesays.com\/fr\/wp-json\/wp\/v2\/posts\/1157296\/revisions"}],"wp:featuredmedia":[{"embeddable":true,"href":"https:\/\/www.europesays.com\/fr\/wp-json\/wp\/v2\/media\/1157297"}],"wp:attachment":[{"href":"https:\/\/www.europesays.com\/fr\/wp-json\/wp\/v2\/media?parent=1157296"}],"wp:term":[{"taxonomy":"category","embeddable":true,"href":"https:\/\/www.europesays.com\/fr\/wp-json\/wp\/v2\/categories?post=1157296"},{"taxonomy":"post_tag","embeddable":true,"href":"https:\/\/www.europesays.com\/fr\/wp-json\/wp\/v2\/tags?post=1157296"}],"curies":[{"name":"wp","href":"https:\/\/api.w.org\/{rel}","templated":true}]}}