{"id":1157306,"date":"2026-08-30T12:35:13","date_gmt":"2026-08-30T12:35:13","guid":{"rendered":"https:\/\/www.europesays.com\/fr\/1157306\/"},"modified":"2026-08-30T12:35:13","modified_gmt":"2026-08-30T12:35:13","slug":"chypre-des-morts-apres-le-naufrage-dun-ferry-avec-267-personnes-a-bord-au-large-des-cotes","status":"publish","type":"post","link":"https:\/\/www.europesays.com\/fr\/1157306\/","title":{"rendered":"Chypre\u00a0: \u00ab\u00a0Des morts\u00a0\u00bb apr\u00e8s le naufrage d\u2019un ferry avec 267 personnes \u00e0 bord au large des c\u00f4tes"},"content":{"rendered":"<p>On ne conna\u00eet pas encore le nombre exact de personnes d\u00e9c\u00e9d\u00e9es apr\u00e8s le naufrage d\u2019un ferry au large des c\u00f4tes de Chypre. Ce dimanche, un bateau de croisi\u00e8re parti du port de Kyrenia en R\u00e9publique turque de <a href=\"https:\/\/www.20minutes.fr\/monde\/4228504-20260611-pourquoi-accord-militaire-entre-france-chypre-fait-sortir-turquie-gonds\" target=\"_blank\" class=\"c-link c-link--is-underlined\" rel=\"nofollow noopener\">Chypre nord<\/a> avec 267 personnes \u00e0 bord, a chavir\u00e9. \u00ab\u00a0Il y a des morts\u00a0\u00bb parmi les passagers, a annonc\u00e9 le Premier ministre de la R\u00e9publique turque de Chypre nord (RTCN) Unal Ustel, cit\u00e9 par l\u2019agence \u00e9tatique turque Anadolu. Une centaine de personnes ont pour l\u2019heure \u00e9t\u00e9 \u00e9vacu\u00e9es au fil des op\u00e9rations de secours en cours.<\/p>\n<p>\u00ab\u00a0Le ferry chavir\u00e9 au large de Girne prend l\u2019eau, les op\u00e9rations de sauvetage se poursuivent\u00a0\u00bb, a indiqu\u00e9 Erhan Arikli. Les images diffus\u00e9es par les cha\u00eenes de t\u00e9l\u00e9vision turques montrent le bateau ballott\u00e9 et en partie immerg\u00e9 dans une mer form\u00e9e par beau temps, ainsi que des op\u00e9rations d\u2019\u00e9vacuation en cours et de nombreux d\u00e9bris flottants \u00e0 la surface. Les passagers \u00e9vacu\u00e9s portent tous des gilets de sauvetage orange selon ces images qui montrent \u00e9galement de nombreux v\u00e9hicules de secours positionn\u00e9s \u00e0 terre.<\/p>\n<\/p>\n<p>\u00ab\u00a0Toutes les mesures ont \u00e9t\u00e9 prises\u00a0\u00bb<\/p>\n<p>\u00ab\u00a0Tous les pr\u00e9paratifs n\u00e9cessaires ont \u00e9t\u00e9 effectu\u00e9s afin de permettre une intervention rapide des secours et des services de sant\u00e9\u00a0\u00bb, a pr\u00e9cis\u00e9 le minist\u00e8re de la sant\u00e9 local dans un communiqu\u00e9. \u00ab\u00a0Toutes les mesures ont \u00e9t\u00e9 prises, tant au port que dans les h\u00f4pitaux publics et priv\u00e9s afin de pouvoir r\u00e9pondre rapidement aux besoins \u00e9ventuels\u00a0\u00bb insiste le minist\u00e8re qui affirme avoir mobilis\u00e9 \u00ab\u00a0au maximum\u00a0\u00bb ses ressources humaines.<\/p>\n<p>La RTCN reconnue par la seule Turquie a proclam\u00e9 son ind\u00e9pendance de Chypre en\u00a01983, neuf apr\u00e8s l\u2019invasion par l\u2019arm\u00e9e turque du nord de l\u2019\u00eele, suite \u00e0 un coup d\u2019\u00c9tat nationaliste chypriote soutenu par la Gr\u00e8ce. Elle occupe environ un tiers de l\u2019\u00eele.<\/p>\n<p>\u2026\/\u2026 Plus d\u2019informations \u00e0 venir sur 20minutes.fr<\/p>\n","protected":false},"excerpt":{"rendered":"On ne conna\u00eet pas encore le nombre exact de personnes d\u00e9c\u00e9d\u00e9es apr\u00e8s le naufrage d\u2019un ferry au large&hellip;\n","protected":false},"author":2,"featured_media":1157307,"comment_status":"","ping_status":"","sticky":false,"template":"","format":"standard","meta":{"footnotes":"","_share_on_mastodon":"0"},"categories":[5],"tags":[47,11,16996,118,1011,27,14,74,1336,12,28],"class_list":["post-1157306","post","type-post","status-publish","format-standard","has-post-thumbnail","category-international","tag-actualite","tag-actualites","tag-chypre","tag-faits-divers","tag-fr","tag-france","tag-international","tag-monde","tag-naufrage","tag-news","tag-world"],"share_on_mastodon":{"url":"https:\/\/pubeurope.com\/@fr\/117184490774761567","error":""},"_links":{"self":[{"href":"https:\/\/www.europesays.com\/fr\/wp-json\/wp\/v2\/posts\/1157306","targetHints":{"allow":["GET"]}}],"collection":[{"href":"https:\/\/www.europesays.com\/fr\/wp-json\/wp\/v2\/posts"}],"about":[{"href":"https:\/\/www.europesays.com\/fr\/wp-json\/wp\/v2\/types\/post"}],"author":[{"embeddable":true,"href":"https:\/\/www.europesays.com\/fr\/wp-json\/wp\/v2\/users\/2"}],"replies":[{"embeddable":true,"href":"https:\/\/www.europesays.com\/fr\/wp-json\/wp\/v2\/comments?post=1157306"}],"version-history":[{"count":0,"href":"https:\/\/www.europesays.com\/fr\/wp-json\/wp\/v2\/posts\/1157306\/revisions"}],"wp:featuredmedia":[{"embeddable":true,"href":"https:\/\/www.europesays.com\/fr\/wp-json\/wp\/v2\/media\/1157307"}],"wp:attachment":[{"href":"https:\/\/www.europesays.com\/fr\/wp-json\/wp\/v2\/media?parent=1157306"}],"wp:term":[{"taxonomy":"category","embeddable":true,"href":"https:\/\/www.europesays.com\/fr\/wp-json\/wp\/v2\/categories?post=1157306"},{"taxonomy":"post_tag","embeddable":true,"href":"https:\/\/www.europesays.com\/fr\/wp-json\/wp\/v2\/tags?post=1157306"}],"curies":[{"name":"wp","href":"https:\/\/api.w.org\/{rel}","templated":true}]}}