{"id":1157316,"date":"2026-08-30T12:41:52","date_gmt":"2026-08-30T12:41:52","guid":{"rendered":"https:\/\/www.europesays.com\/fr\/1157316\/"},"modified":"2026-08-30T12:41:52","modified_gmt":"2026-08-30T12:41:52","slug":"nancy-concerts-de-bruel-en-lorraine-non-a-la-tournee-de-la-honte","status":"publish","type":"post","link":"https:\/\/www.europesays.com\/fr\/1157316\/","title":{"rendered":"Nancy. Concerts de Bruel en Lorraine\u00a0: \u00ab\u00a0Non \u00e0 la tourn\u00e9e de la honte\u00a0\u00bb"},"content":{"rendered":"<p>D\u00e8s le mois de mai dernier, le maire, <a href=\"https:\/\/www.estrepublicain.fr\/p\/mathieu-klein\" target=\"_blank\" rel=\"nofollow noopener\">Mathieu Klein<\/a>, avait d\u00e9clar\u00e9 Patrick Bruel ind\u00e9sirable \u00e0 Nancy. Et r\u00e9clam\u00e9 l\u2019annulation du concert au Z\u00e9nith, o\u00f9 \u00e9tait attendu le 24\u00a0octobre prochain le chanteur qui fait l\u2019objet, \u00e0 ce jour, de huit plaintes pour viols et agressions sexuelles.<\/p>\n<p>Mais Gr\u00e9goire Laloux, maire d\u2019Amn\u00e9ville, o\u00f9 Bruel devait se produire le lendemain au Galaxie, n\u2019y voyait, lui, aucune objection. Au motif que \u00ab\u00a0la pr\u00e9somption d\u2019innocence ne doit pas \u00eatre \u00e0 g\u00e9om\u00e9trie variable\u00a0\u00bb.<\/p>\n<p>Un argument qui ne tient pas aux yeux des sept associations et collectifs auteurs d\u2019une lettre ouverte appelant \u00ab\u00a0solennellement\u00a0\u00bb \u00e0 l\u2019annulation des deux concerts lorrains. \u00c0 savoir Je suis f\u00e9ministe\u00a0! Nancy, le Planning Familial 54 et 57, \u00c9quinoxe centre LGBTI +, le Collectif F\u00e9ministe La Grenade \u00e0 Metz, La Zouzerie (Vosges) et Force F\u00e9ministe (Metz).<\/p>\n<p>\u00ab\u00a0Nous refusons d\u2019exposer les victimes, le public et les \u00e9quipes de la culture \u00e0 cette tourn\u00e9e\u00a0\u00bb, plaident les signataires qui interrogent par ailleurs\u00a0: \u00ab\u00a0Comment la justice peut-elle instruire sereinement ces affaires alors que l\u2019artiste b\u00e9n\u00e9ficie simultan\u00e9ment d\u2019une tribune promotionnelle hors norme\u00a0?\u00a0\u00bb<\/p>\n<p>  Une terre d\u2019accueil complaisante\u00a0?<\/p>\n<p>Quant \u00e0 l\u2019excuse de la pr\u00e9somption d\u2019innocence, les militant.e.s la rejettent, arguant que le nombre de t\u00e9moignages concordants (soit une trentaine) et l\u2019ouverture d\u2019instructions judiciaires \u00ab\u00a0ne peuvent \u00eatre ignor\u00e9s au nom du simple divertissement commercial\u00a0\u00bb.<\/p>\n<p>\u00c0 ce jour, 23 concerts de cette tourn\u00e9e auraient d\u00e9j\u00e0 \u00e9t\u00e9 annul\u00e9s. Pour que deux de plus soient ajout\u00e9s \u00e0 la liste, les auteurs de la lettre se tournent donc vers la M\u00e9tropole du Grand Nancy, la Ville de Nancy et Label LN, mais \u00e9galement vers la commune d\u2019Amn\u00e9ville, la direction du site le Galaxy, son gestionnaire S-PASS Th\u00e9\u00e2tres Spectacles \u00c9v\u00e9nements, et les collectivit\u00e9s de Moselle, sans oublier la R\u00e9gion Grand Est. \u00ab\u00a0Nous refusons que la Lorraine devienne une terre d\u2019accueil complaisante pour cette tourn\u00e9e de la honte.\u00a0\u00bb<\/p>\n","protected":false},"excerpt":{"rendered":"D\u00e8s le mois de mai dernier, le maire, Mathieu Klein, avait d\u00e9clar\u00e9 Patrick Bruel ind\u00e9sirable \u00e0 Nancy. Et&hellip;\n","protected":false},"author":2,"featured_media":1157317,"comment_status":"","ping_status":"","sticky":false,"template":"","format":"standard","meta":{"footnotes":"","_share_on_mastodon":"0"},"categories":[9635],"tags":[1111,11,271,1687,272,1707,1704,1706,1705,1777,674,274,6757,1011,27,775,1702,1703,12,3456,25,104,3140],"class_list":["post-1157316","post","type-post","status-publish","format-standard","has-post-thumbnail","category-nancy","tag-actu","tag-actualites","tag-crime","tag-culture-loisirs","tag-delit-et-contravention","tag-edition-luneville","tag-edition-nancy-et-agglomeration","tag-edition-pont-a-mousson","tag-edition-toul","tag-eu","tag-europe","tag-faits-divers-justice","tag-feminisme","tag-fr","tag-france","tag-grand-est","tag-nancy","tag-nancy-ville-54b","tag-news","tag-region-lorraine","tag-republique-francaise","tag-societe","tag-spectacle"],"share_on_mastodon":{"url":"https:\/\/pubeurope.com\/@fr\/117184518306815901","error":""},"_links":{"self":[{"href":"https:\/\/www.europesays.com\/fr\/wp-json\/wp\/v2\/posts\/1157316","targetHints":{"allow":["GET"]}}],"collection":[{"href":"https:\/\/www.europesays.com\/fr\/wp-json\/wp\/v2\/posts"}],"about":[{"href":"https:\/\/www.europesays.com\/fr\/wp-json\/wp\/v2\/types\/post"}],"author":[{"embeddable":true,"href":"https:\/\/www.europesays.com\/fr\/wp-json\/wp\/v2\/users\/2"}],"replies":[{"embeddable":true,"href":"https:\/\/www.europesays.com\/fr\/wp-json\/wp\/v2\/comments?post=1157316"}],"version-history":[{"count":0,"href":"https:\/\/www.europesays.com\/fr\/wp-json\/wp\/v2\/posts\/1157316\/revisions"}],"wp:featuredmedia":[{"embeddable":true,"href":"https:\/\/www.europesays.com\/fr\/wp-json\/wp\/v2\/media\/1157317"}],"wp:attachment":[{"href":"https:\/\/www.europesays.com\/fr\/wp-json\/wp\/v2\/media?parent=1157316"}],"wp:term":[{"taxonomy":"category","embeddable":true,"href":"https:\/\/www.europesays.com\/fr\/wp-json\/wp\/v2\/categories?post=1157316"},{"taxonomy":"post_tag","embeddable":true,"href":"https:\/\/www.europesays.com\/fr\/wp-json\/wp\/v2\/tags?post=1157316"}],"curies":[{"name":"wp","href":"https:\/\/api.w.org\/{rel}","templated":true}]}}