{"id":1157331,"date":"2026-08-30T12:54:13","date_gmt":"2026-08-30T12:54:13","guid":{"rendered":"https:\/\/www.europesays.com\/fr\/1157331\/"},"modified":"2026-08-30T12:54:13","modified_gmt":"2026-08-30T12:54:13","slug":"grenoble-on-se-sent-abandonnes-place-des-geants-la-vie-sans-commerce","status":"publish","type":"post","link":"https:\/\/www.europesays.com\/fr\/1157331\/","title":{"rendered":"Grenoble. \u00ab\u00a0On se sent abandonn\u00e9s\u00a0\u00bb\u00a0: place des G\u00e9ants, la vie sans commerce"},"content":{"rendered":"<p>Le long corridor de rideaux de fer baiss\u00e9s depuis trop longtemps dessine les stigmates d\u2019un pass\u00e9 r\u00e9volu. La place des G\u00e9ants, que les habitants historiques de l\u2019un des c\u0153urs du quartier de la Villeneuve ont connue, n\u2019existe plus. Depuis au moins deux ans, sinon plus. <a href=\"https:\/\/www.ledauphine.com\/economie\/2024\/08\/01\/isere-grenoble-dernier-commerce-de-la-place-des-geants-la-pharmacie-ferme\" target=\"_blank\" rel=\"nofollow noopener\">En ao\u00fbt\u00a02024<\/a>, le dernier clou sur le cercueil des nombreuses cellules commerciales qui avaient \u00e9t\u00e9 construites l\u00e0 a \u00e9t\u00e9 plant\u00e9 lors de la fermeture de la pharmacie de Constantine. Les ann\u00e9es pr\u00e9c\u00e9dentes, la boucherie, le bureau de tabac, le taxiphone, la boulangerie, la librairie, le bar ou encore le salon de coiffure avaient emprunt\u00e9 le m\u00eame chemin fun\u00e8bre, pour la plupart lass\u00e9s par le manque d\u2019entretien des espaces communs ou encore des locaux en mauvais \u00e9tat.<\/p>\n<p>Comme dans une cit\u00e9 fant\u00f4me, ne reste aujourd\u2019hui que le nom des enseignes&#8230;<\/p>\n","protected":false},"excerpt":{"rendered":"Le long corridor de rideaux de fer baiss\u00e9s depuis trop longtemps dessine les stigmates d\u2019un pass\u00e9 r\u00e9volu. La&hellip;\n","protected":false},"author":2,"featured_media":1157332,"comment_status":"","ping_status":"","sticky":false,"template":"","format":"standard","meta":{"footnotes":"","_share_on_mastodon":"0"},"categories":[9566],"tags":[1111,11,2430,4406,33,112,1777,674,1011,27,2731,2732,108,12,316,25,801,104],"class_list":["post-1157331","post","type-post","status-publish","format-standard","has-post-thumbnail","category-grenoble","tag-actu","tag-actualites","tag-auvergne-rhone-alpes","tag-commerce-et-services","tag-economie","tag-edition-grenoble-agglomeration","tag-eu","tag-europe","tag-fr","tag-france","tag-grenoble","tag-grenoble-bassin","tag-isere","tag-news","tag-politique","tag-republique-francaise","tag-social","tag-societe"],"share_on_mastodon":{"url":"https:\/\/pubeurope.com\/@fr\/117184565552263770","error":""},"_links":{"self":[{"href":"https:\/\/www.europesays.com\/fr\/wp-json\/wp\/v2\/posts\/1157331","targetHints":{"allow":["GET"]}}],"collection":[{"href":"https:\/\/www.europesays.com\/fr\/wp-json\/wp\/v2\/posts"}],"about":[{"href":"https:\/\/www.europesays.com\/fr\/wp-json\/wp\/v2\/types\/post"}],"author":[{"embeddable":true,"href":"https:\/\/www.europesays.com\/fr\/wp-json\/wp\/v2\/users\/2"}],"replies":[{"embeddable":true,"href":"https:\/\/www.europesays.com\/fr\/wp-json\/wp\/v2\/comments?post=1157331"}],"version-history":[{"count":0,"href":"https:\/\/www.europesays.com\/fr\/wp-json\/wp\/v2\/posts\/1157331\/revisions"}],"wp:featuredmedia":[{"embeddable":true,"href":"https:\/\/www.europesays.com\/fr\/wp-json\/wp\/v2\/media\/1157332"}],"wp:attachment":[{"href":"https:\/\/www.europesays.com\/fr\/wp-json\/wp\/v2\/media?parent=1157331"}],"wp:term":[{"taxonomy":"category","embeddable":true,"href":"https:\/\/www.europesays.com\/fr\/wp-json\/wp\/v2\/categories?post=1157331"},{"taxonomy":"post_tag","embeddable":true,"href":"https:\/\/www.europesays.com\/fr\/wp-json\/wp\/v2\/tags?post=1157331"}],"curies":[{"name":"wp","href":"https:\/\/api.w.org\/{rel}","templated":true}]}}