{"id":1157355,"date":"2026-08-30T13:13:19","date_gmt":"2026-08-30T13:13:19","guid":{"rendered":"https:\/\/www.europesays.com\/fr\/1157355\/"},"modified":"2026-08-30T13:13:19","modified_gmt":"2026-08-30T13:13:19","slug":"quand-marseille-organisait-le-transfert-de-lexposition-cesar-vers-rome-en-1993","status":"publish","type":"post","link":"https:\/\/www.europesays.com\/fr\/1157355\/","title":{"rendered":"Quand Marseille organisait le transfert de l&rsquo;exposition C\u00e9sar vers Rome en 1993"},"content":{"rendered":"<p>\u00ab\u00a0Assurer le retour de C\u00e9sar \u00e0 Rome, c\u2019est un bonheur\u00a0!\u00a0\u00bb, affirmait l\u2019\u00e9crivain Jean-Marie Drot le mardi 31 ao\u00fbt 1993. Ce jour-l\u00e0, les voix d\u2019architectes et du PDG de Cartier r\u00e9sonnaient entre les murs de pierre de la Vieille Charit\u00e9 afin d\u2019organiser le transfert de l\u2019exposition consacr\u00e9e au sculpteur <a href=\"https:\/\/www.laprovence.com\/article\/edition-aubagne-la-ciotat\/6224221\/le-siecle-compresse-du-sculpteur-cesar.html\" target=\"_self\" rel=\"nofollow noopener\">C\u00e9sar Baldaccini (1921-1998)<\/a> jusqu\u2019\u00e0 la Ville \u00e9ternelle.<\/p>\n<p>R\u00e9unis \u00e0 Marseille pour l\u2019occasion, les repr\u00e9sentants de la Villa M\u00e9dicis, de la Fondation Cartier et des mus\u00e9es de la Ville de Marseille pr\u00e9sentaient au public une s\u00e9lection d\u2019\u0153uvres r\u00e9alis\u00e9es par <a href=\"https:\/\/www.laprovence.com\/article\/culture-loisirs\/1743205409282215\/internat-pour-garcons-hopital-de-guerre-connaissez-vous-les-secrets-de-l-ancienne-maternite-de-la-belle-de-mai\" target=\"_self\" rel=\"nofollow noopener\">l\u2019artiste marseillais n\u00e9 \u00e0 la maternit\u00e9 de la Belle-de-Mai.<\/a> Dans les salles de la Vieille Charit\u00e9, les responsables marseillais imaginaient d\u00e9j\u00e0 le parcours de la future exposition. Organis\u00e9 \u00e0 l\u2019occasion du 70e anniversaire du sculpteur, l\u2019\u00e9v\u00e9nement devait avoir lieu en avril\u00a01994.<\/p>\n<p>Un \u00ab\u00a0Pouce\u00a0\u00bb qui a fait le tour du monde<\/p>\n<p>Cette exposition devait r\u00e9unir diff\u00e9rentes \u0153uvres comme l\u2019iconique Pouce de C\u00e9sar. D\u2019ailleurs, ce dernier aura fait le tour du monde. R\u00e9alis\u00e9e en\u00a01988, cette sculpture a d\u2019abord \u00e9t\u00e9 expos\u00e9e \u00e0 S\u00e9oul, en Cor\u00e9e du Sud, avant de faire une escale \u00e0 la Vieille Charit\u00e9 en\u00a01993 comme sur la photographie ci-contre.<\/p>\n","protected":false},"excerpt":{"rendered":"\u00ab\u00a0Assurer le retour de C\u00e9sar \u00e0 Rome, c\u2019est un bonheur\u00a0!\u00a0\u00bb, affirmait l\u2019\u00e9crivain Jean-Marie Drot le mardi 31 ao\u00fbt&hellip;\n","protected":false},"author":2,"featured_media":1157356,"comment_status":"","ping_status":"","sticky":false,"template":"","format":"standard","meta":{"footnotes":"","_share_on_mastodon":"0"},"categories":[2814],"tags":[5734,1111,11,18595,251,1777,674,1011,27,28519,884,12,118585,882,396,25,969,13703],"class_list":["post-1157355","post","type-post","status-publish","format-standard","has-post-thumbnail","category-marseille","tag-5734","tag-actu","tag-actualites","tag-cesar","tag-culture","tag-eu","tag-europe","tag-fr","tag-france","tag-lexposition","tag-marseille","tag-news","tag-organisait","tag-provence-alpes-cote-dazur","tag-quand","tag-republique-francaise","tag-transfert","tag-vers"],"share_on_mastodon":{"url":"https:\/\/pubeurope.com\/@fr\/117184640053879525","error":""},"_links":{"self":[{"href":"https:\/\/www.europesays.com\/fr\/wp-json\/wp\/v2\/posts\/1157355","targetHints":{"allow":["GET"]}}],"collection":[{"href":"https:\/\/www.europesays.com\/fr\/wp-json\/wp\/v2\/posts"}],"about":[{"href":"https:\/\/www.europesays.com\/fr\/wp-json\/wp\/v2\/types\/post"}],"author":[{"embeddable":true,"href":"https:\/\/www.europesays.com\/fr\/wp-json\/wp\/v2\/users\/2"}],"replies":[{"embeddable":true,"href":"https:\/\/www.europesays.com\/fr\/wp-json\/wp\/v2\/comments?post=1157355"}],"version-history":[{"count":0,"href":"https:\/\/www.europesays.com\/fr\/wp-json\/wp\/v2\/posts\/1157355\/revisions"}],"wp:featuredmedia":[{"embeddable":true,"href":"https:\/\/www.europesays.com\/fr\/wp-json\/wp\/v2\/media\/1157356"}],"wp:attachment":[{"href":"https:\/\/www.europesays.com\/fr\/wp-json\/wp\/v2\/media?parent=1157355"}],"wp:term":[{"taxonomy":"category","embeddable":true,"href":"https:\/\/www.europesays.com\/fr\/wp-json\/wp\/v2\/categories?post=1157355"},{"taxonomy":"post_tag","embeddable":true,"href":"https:\/\/www.europesays.com\/fr\/wp-json\/wp\/v2\/tags?post=1157355"}],"curies":[{"name":"wp","href":"https:\/\/api.w.org\/{rel}","templated":true}]}}