{"id":1157358,"date":"2026-08-30T13:16:31","date_gmt":"2026-08-30T13:16:31","guid":{"rendered":"https:\/\/www.europesays.com\/fr\/1157358\/"},"modified":"2026-08-30T13:16:31","modified_gmt":"2026-08-30T13:16:31","slug":"isere-jai-horreur-detre-ridicule-victor-bosch-le-roi-de-la-culture-a-lyon-qui-sest-fait-sa-place-en-isere","status":"publish","type":"post","link":"https:\/\/www.europesays.com\/fr\/1157358\/","title":{"rendered":"Is\u00e8re. \u00ab\u00a0J\u2019ai horreur d\u2019\u00eatre ridicule\u00a0\u00bb\u00a0: Victor Bosch, le roi de la culture \u00e0 Lyon qui s\u2019est fait sa place en Is\u00e8re"},"content":{"rendered":"<p>Victor Bosch n\u2019\u00e9tait pas batteur, il \u00e9tait peintre classique. Cela ne l\u2019a pas emp\u00each\u00e9 en Mai-68, apr\u00e8s avoir annonc\u00e9 \u00e0 sa m\u00e8re qu\u2019il ne passerait pas son bac, d\u2019int\u00e9grer le groupe de rock progressif lyonnais Pulsar, dont le chanteur \u00e9tait l\u2019\u00e9crivain Sorj Chalandon. Victor Bosch n\u2019\u00e9tait pas producteur. Cela ne l\u2019a pas emp\u00each\u00e9 d\u2019\u00eatre le charg\u00e9 de production de la Biennale d\u2019art contemporain, de la Biennale de la danse \u00e0 Lyon et de produire la com\u00e9die musicale \u00e0 succ\u00e8s Notre-Dame-de-Paris \u00e0 la fin des ann\u00e9es 90. Enfin, Victor Bosch n\u2019\u00e9tait pas Is\u00e9rois, ni m\u00eame Lyonnais. N\u00e9 dans le nord-est de l\u2019Espagne, rien ne le pr\u00e9destinait \u00e0 devenir un jour un acteur de la culture aussi important sur ces deux territoires voisins, presque cousins. <\/p>\n<p>\u00ab\u00a0Ce qui m\u2019a toujours sauv\u00e9, c\u2019est que quand il faut y aller, j\u2019y vais \u00e0 fond. J\u2019ai horreur d\u2019\u00eatre ridicule et j\u2019ai toujours beaucoup travaill\u00e9 pour rattraper mon retard sur les sujets que je traitais et que&#8230;<\/p>\n","protected":false},"excerpt":{"rendered":"Victor Bosch n\u2019\u00e9tait pas batteur, il \u00e9tait peintre classique. Cela ne l\u2019a pas emp\u00each\u00e9 en Mai-68, apr\u00e8s avoir&hellip;\n","protected":false},"author":2,"featured_media":1157359,"comment_status":"","ping_status":"","sticky":false,"template":"","format":"standard","meta":{"footnotes":"","_share_on_mastodon":"0"},"categories":[1889],"tags":[1111,11,2430,12919,1687,115,1777,674,107,1011,27,108,2428,873,12,25,3140],"class_list":["post-1157358","post","type-post","status-publish","format-standard","has-post-thumbnail","category-lyon","tag-actu","tag-actualites","tag-auvergne-rhone-alpes","tag-bourgoin-jallieu","tag-culture-loisirs","tag-edition-bourgoin-jallieu-nord-dauphine","tag-eu","tag-europe","tag-fil-info","tag-fr","tag-france","tag-isere","tag-lyon","tag-musique","tag-news","tag-republique-francaise","tag-spectacle"],"share_on_mastodon":{"url":"https:\/\/pubeurope.com\/@fr\/117184652036423010","error":""},"_links":{"self":[{"href":"https:\/\/www.europesays.com\/fr\/wp-json\/wp\/v2\/posts\/1157358","targetHints":{"allow":["GET"]}}],"collection":[{"href":"https:\/\/www.europesays.com\/fr\/wp-json\/wp\/v2\/posts"}],"about":[{"href":"https:\/\/www.europesays.com\/fr\/wp-json\/wp\/v2\/types\/post"}],"author":[{"embeddable":true,"href":"https:\/\/www.europesays.com\/fr\/wp-json\/wp\/v2\/users\/2"}],"replies":[{"embeddable":true,"href":"https:\/\/www.europesays.com\/fr\/wp-json\/wp\/v2\/comments?post=1157358"}],"version-history":[{"count":0,"href":"https:\/\/www.europesays.com\/fr\/wp-json\/wp\/v2\/posts\/1157358\/revisions"}],"wp:featuredmedia":[{"embeddable":true,"href":"https:\/\/www.europesays.com\/fr\/wp-json\/wp\/v2\/media\/1157359"}],"wp:attachment":[{"href":"https:\/\/www.europesays.com\/fr\/wp-json\/wp\/v2\/media?parent=1157358"}],"wp:term":[{"taxonomy":"category","embeddable":true,"href":"https:\/\/www.europesays.com\/fr\/wp-json\/wp\/v2\/categories?post=1157358"},{"taxonomy":"post_tag","embeddable":true,"href":"https:\/\/www.europesays.com\/fr\/wp-json\/wp\/v2\/tags?post=1157358"}],"curies":[{"name":"wp","href":"https:\/\/api.w.org\/{rel}","templated":true}]}}