{"id":1157366,"date":"2026-08-30T13:24:14","date_gmt":"2026-08-30T13:24:14","guid":{"rendered":"https:\/\/www.europesays.com\/fr\/1157366\/"},"modified":"2026-08-30T13:24:14","modified_gmt":"2026-08-30T13:24:14","slug":"quinte-du-lundi-31-aout-2026-a-saint-cloud-les-pronostics","status":"publish","type":"post","link":"https:\/\/www.europesays.com\/fr\/1157366\/","title":{"rendered":"Quint\u00e9 du lundi 31 ao\u00fbt 2026 \u00e0 Saint-Cloud : les pronostics"},"content":{"rendered":"<p class=\"article-p mdl\">Retrouvez les pronostics de Dominique Cordier pour le Quint\u00e9 du lundi 31 ao\u00fbt 2026 \u00e0 Saint-Cloud, le\u00a0Prix de Saint-Pair-du-Mont. D\u00e9part \u00e0 13h55. 16 partants. Handicap. 2.400\u00a0m\u00e8tres. Terrain souple. Pur-sang de 3 ans.<br \/>\u00a0<br \/>Dans l\u2019\u00e9preuve de r\u00e9f\u00e9rence, disput\u00e9e le 10 ao\u00fbt, sur la distance mais dans le bon terrain de Clairefontaine, <strong>le 11 Elusive Way<\/strong> s\u2019\u00e9tait class\u00e9 2e, devant le <strong>6 Shapesmith<\/strong> et le <strong>9 Entlebush<\/strong>. Le <strong>8 Bahi <\/strong>avait, lui, pris la 7e\u00a0place.\u00a0Regardez bien, ils sont tous dans notre s\u00e9lection.<br \/>\u00a0<br \/>Notre favori sera cependant<strong> le 6 Shapesmith<\/strong>, qui disputait l\u00e0 son premier handicap et qui d\u00e9pend du tandem reconstitu\u00e9 entre l\u2019entra\u00eeneur Andr\u00e9 Fabre et le jockey Pierre-Charles Boudot.<br \/>\u00a0<br \/>Le<strong> 3 Sorano <\/strong>est ici l\u2019outsider de RTL pour quatre (bonnes) raisons. Il \u00e9volue sur sa distance, a d\u00e9j\u00e0 gagn\u00e9 sur cette piste, appr\u00e9cie les pistes assouplies et, cerise sur le g\u00e2teau, a \u00e9t\u00e9 choisi par le jockey Cristian Demuro, qui avait d\u2019autres possibilit\u00e9s int\u00e9ressantes dans ce Quint\u00e9.<br \/>\u00a0<br \/>L\u2019\u00e9tat du terrain sera \u00e9galement un avantage pour le 5 Lohengreen.<\/p>\n<p>            Les pronostics<\/p>\n<p class=\"article-p mdl\">6. Shapesmith<br \/>11. Elusive Way<br \/>3. Sorano<br \/>2. Nity Galeste<br \/>8. Bahi<br \/>9. Entlebuch<br \/>5. Lohengreen<\/p>\n<p>            L&rsquo;Outsider de RTL<\/p>\n<p class=\"article-p mdl\">3. Sorano<\/p>\n<p>            R\u00e9sultats du samedi 29 ao\u00fbt 2026 \u00e0 Vincennes<\/p>\n<p class=\"article-p mdl\">La favorite de RTL est battue sur une pointe. L\u2019outsider de RTL se classe 6e. La s\u00e9lection indique le Tierc\u00e9.<\/p>\n<p>    La r\u00e9daction vous recommande<\/p>\n<p class=\"s-newsletter__title\">\n                L\u2019actualit\u00e9 par la r\u00e9daction de RTL dans votre bo\u00eete mail.\n            <\/p>\n<p class=\"s-newsletter__subtitle\">\n                Gr\u00e2ce \u00e0 votre compte RTL abonnez-vous \u00e0 la newsletter RTL info pour suivre toute l&rsquo;actualit\u00e9 au quotidien\n            <\/p>\n<p>\n                                    Lire la suite\n                                <\/p>\n<p class=\"article-google-preferred__title\">Ne laissez pas Google d\u00e9cider de vos sources.<\/p>\n<p>    <a href=\"https:\/\/www.google.com\/preferences\/source?q=https:\/\/www.rtl.fr\" target=\"_blank\" rel=\"noopener noreferrer nofollow\" class=\"article-google-preferred__btn at-class\" data-at-event=\"action\" data-at-category=\"actualite\" data-at-chapter1=\"pied_article\" data-at-chapter2=\"sport_autres_sports\" data-at-click=\"favori_google\">Ajouter RTL comme source pr\u00e9f\u00e9r\u00e9e<\/a><\/p>\n","protected":false},"excerpt":{"rendered":"Retrouvez les pronostics de Dominique Cordier pour le Quint\u00e9 du lundi 31 ao\u00fbt 2026 \u00e0 Saint-Cloud, le\u00a0Prix de&hellip;\n","protected":false},"author":2,"featured_media":1143913,"comment_status":"","ping_status":"","sticky":false,"template":"","format":"standard","meta":{"footnotes":"","_share_on_mastodon":"0"},"categories":[1888],"tags":[11,898,2622,1777,674,107,2619,1011,27,12,626,2623,25],"class_list":["post-1157366","post","type-post","status-publish","format-standard","has-post-thumbnail","category-paris","tag-actualites","tag-alerte","tag-courses","tag-eu","tag-europe","tag-fil-info","tag-fil-sport","tag-fr","tag-france","tag-news","tag-paris","tag-quinte","tag-republique-francaise"],"share_on_mastodon":{"url":"https:\/\/pubeurope.com\/@fr\/117184683596933661","error":""},"_links":{"self":[{"href":"https:\/\/www.europesays.com\/fr\/wp-json\/wp\/v2\/posts\/1157366","targetHints":{"allow":["GET"]}}],"collection":[{"href":"https:\/\/www.europesays.com\/fr\/wp-json\/wp\/v2\/posts"}],"about":[{"href":"https:\/\/www.europesays.com\/fr\/wp-json\/wp\/v2\/types\/post"}],"author":[{"embeddable":true,"href":"https:\/\/www.europesays.com\/fr\/wp-json\/wp\/v2\/users\/2"}],"replies":[{"embeddable":true,"href":"https:\/\/www.europesays.com\/fr\/wp-json\/wp\/v2\/comments?post=1157366"}],"version-history":[{"count":0,"href":"https:\/\/www.europesays.com\/fr\/wp-json\/wp\/v2\/posts\/1157366\/revisions"}],"wp:featuredmedia":[{"embeddable":true,"href":"https:\/\/www.europesays.com\/fr\/wp-json\/wp\/v2\/media\/1143913"}],"wp:attachment":[{"href":"https:\/\/www.europesays.com\/fr\/wp-json\/wp\/v2\/media?parent=1157366"}],"wp:term":[{"taxonomy":"category","embeddable":true,"href":"https:\/\/www.europesays.com\/fr\/wp-json\/wp\/v2\/categories?post=1157366"},{"taxonomy":"post_tag","embeddable":true,"href":"https:\/\/www.europesays.com\/fr\/wp-json\/wp\/v2\/tags?post=1157366"}],"curies":[{"name":"wp","href":"https:\/\/api.w.org\/{rel}","templated":true}]}}