{"id":1157376,"date":"2026-08-30T13:30:21","date_gmt":"2026-08-30T13:30:21","guid":{"rendered":"https:\/\/www.europesays.com\/fr\/1157376\/"},"modified":"2026-08-30T13:30:21","modified_gmt":"2026-08-30T13:30:21","slug":"allemagne-10-grammes-de-pain-manquants-coutent-15000-euros-a-un-boulanger","status":"publish","type":"post","link":"https:\/\/www.europesays.com\/fr\/1157376\/","title":{"rendered":"Allemagne: 10 grammes de pain manquants co\u00fbtent 15&rsquo;000 euros \u00e0 un boulanger"},"content":{"rendered":"<p><img loading=\"lazy\" decoding=\"async\" src=\"https:\/\/www.europesays.com\/fr\/wp-content\/uploads\/2026\/08\/ed997a66-4b98-4284-b721-c9b36db26eb6.jpg\" alt=\"Archives\/Photo d'illustration.\" title=\"Archives\/Photo d'illustration.\"  width=\"1200\" height=\"907\"\/>Archives\/Photo d&rsquo;illustration.IMAGO\/Martin Bertrand<\/p>\n<p type=\"textBlockArray\" class=\"sc-96fb0400-2 fnyFWi\">Un client m\u00e9content d\u2019avoir re\u00e7u une moiti\u00e9 de pain plus l\u00e9g\u00e8re de dix grammes a fini par co\u00fbter cher \u00e0 une boulangerie familiale de Pfaffenhofen an der Ilm, en Bavi\u00e8re. Apr\u00e8s un signalement aux autorit\u00e9s, l\u2019\u00e9tablissement a d\u00fb investir environ 15 000 euros dans de nouvelles balances homologu\u00e9es, <a target=\"_blank\" href=\"https:\/\/www.sueddeutsche.de\/panorama\/brot-baeckermeister-pfaffenhofen-waage-li.3537066\" rel=\"noopener noreferrer nofollow\">rapporte la S\u00fcddeutsche Zeitung<\/a>.<\/p>\n<p type=\"textBlockArray\" class=\"sc-96fb0400-2 fnyFWi\">L\u2019affaire remonte \u00e0 l\u2019an dernier. Le client avait achet\u00e9 une demi-miche, dont le poids variait habituellement entre 490 et 510 grammes, avant de revenir protester. Le boulanger Mathias Breitner avait alors minimis\u00e9 l\u2019\u00e9cart. L\u2019homme a finalement saisi l\u2019administration comp\u00e9tente pour le contr\u00f4le des poids et mesures.<\/p>\n<p type=\"textBlockArray\" class=\"sc-96fb0400-2 fnyFWi\">Les autorit\u00e9s ont interdit \u00e0 la boulangerie de vendre des demi-pains coup\u00e9s devant le client tant qu\u2019ils ne seraient pas pes\u00e9s avec des balances certifi\u00e9es. Pour se conformer \u00e0 la r\u00e8gle, l\u2019artisan a d\u00fb \u00e9quiper ses neuf filiales, \u00e0 raison d\u2019environ 1 500 euros par appareil, puis installer les logiciels et les relier aux caisses.<\/p>\n<p>Vendu au poids<\/p>\n<p type=\"textBlockArray\" class=\"sc-96fb0400-2 fnyFWi\">Le boulanger rel\u00e8ve une incoh\u00e9rence: une miche coup\u00e9e en deux dans le laboratoire, puis transport\u00e9e en magasin, peut \u00eatre vendue \u00e0 moiti\u00e9 prix sans pes\u00e9e. Mais lorsqu\u2019elle est tranch\u00e9e devant l\u2019acheteur, son prix doit \u00eatre calcul\u00e9 au gramme pr\u00e8s.<\/p>\n<p type=\"textBlockArray\" class=\"sc-96fb0400-2 fnyFWi\">D\u00e9sormais, les demi-pains sont factur\u00e9s au poids exact. Les \u00e9carts de prix ne d\u00e9passent que quelques centimes, mais cette pr\u00e9cision ne fait pas que des heureux. En effet, certains clients regrettent les montants ronds, tandis que les caisses se remplissent de pi\u00e8ces d\u2019un et de deux centimes. Le patron assure tirer une le\u00e7on de cette m\u00e9saventure. Il aurait sans doute mieux fait, dit-il, d\u2019offrir la moiti\u00e9 de pain litigieuse \u00e0 son client.<\/p>\n<p>Curieux de d\u00e9couvrir qui fait l&rsquo;actu \u00e0 L&rsquo;essentiel? Rejoins-nous sur le r\u00e9seau business n\u00b0 1 au Luxembourg!<\/p>\n","protected":false},"excerpt":{"rendered":"Archives\/Photo d&rsquo;illustration.IMAGO\/Martin Bertrand Un client m\u00e9content d\u2019avoir re\u00e7u une moiti\u00e9 de pain plus l\u00e9g\u00e8re de dix grammes a&hellip;\n","protected":false},"author":2,"featured_media":1157377,"comment_status":"","ping_status":"","sticky":false,"template":"","format":"standard","meta":{"footnotes":"","_share_on_mastodon":"0"},"categories":[1587],"tags":[11,672,1804,1805,1803,1777,674,1801,12,1802],"class_list":["post-1157376","post","type-post","status-publish","format-standard","has-post-thumbnail","category-allemagne","tag-actualites","tag-allemagne","tag-bundesrepublik-deutschland","tag-de","tag-deutschland","tag-eu","tag-europe","tag-germany","tag-news","tag-republique-federale-dallemagne"],"share_on_mastodon":{"url":"https:\/\/pubeurope.com\/@fr\/117184708802775739","error":""},"_links":{"self":[{"href":"https:\/\/www.europesays.com\/fr\/wp-json\/wp\/v2\/posts\/1157376","targetHints":{"allow":["GET"]}}],"collection":[{"href":"https:\/\/www.europesays.com\/fr\/wp-json\/wp\/v2\/posts"}],"about":[{"href":"https:\/\/www.europesays.com\/fr\/wp-json\/wp\/v2\/types\/post"}],"author":[{"embeddable":true,"href":"https:\/\/www.europesays.com\/fr\/wp-json\/wp\/v2\/users\/2"}],"replies":[{"embeddable":true,"href":"https:\/\/www.europesays.com\/fr\/wp-json\/wp\/v2\/comments?post=1157376"}],"version-history":[{"count":0,"href":"https:\/\/www.europesays.com\/fr\/wp-json\/wp\/v2\/posts\/1157376\/revisions"}],"wp:featuredmedia":[{"embeddable":true,"href":"https:\/\/www.europesays.com\/fr\/wp-json\/wp\/v2\/media\/1157377"}],"wp:attachment":[{"href":"https:\/\/www.europesays.com\/fr\/wp-json\/wp\/v2\/media?parent=1157376"}],"wp:term":[{"taxonomy":"category","embeddable":true,"href":"https:\/\/www.europesays.com\/fr\/wp-json\/wp\/v2\/categories?post=1157376"},{"taxonomy":"post_tag","embeddable":true,"href":"https:\/\/www.europesays.com\/fr\/wp-json\/wp\/v2\/tags?post=1157376"}],"curies":[{"name":"wp","href":"https:\/\/api.w.org\/{rel}","templated":true}]}}