{"id":1157382,"date":"2026-08-30T13:34:24","date_gmt":"2026-08-30T13:34:24","guid":{"rendered":"https:\/\/www.europesays.com\/fr\/1157382\/"},"modified":"2026-08-30T13:34:24","modified_gmt":"2026-08-30T13:34:24","slug":"un-ferry-avec-267-personnes-fait-naufrage-au-large-des-cotes-de-la-partie-nord-de-chypre-sept-morts-et-23-disparus-selon-les-autorites","status":"publish","type":"post","link":"https:\/\/www.europesays.com\/fr\/1157382\/","title":{"rendered":"Un ferry avec 267 personnes fait naufrage au large des c\u00f4tes de la partie nord de Chypre, sept morts et 23 disparus selon les autorit\u00e9s"},"content":{"rendered":"<p>\n    Les images diffus\u00e9es par les cha\u00eenes de t\u00e9l\u00e9vision turques montrent le bateau ballott\u00e9 et en partie immerg\u00e9 dans une mer form\u00e9e par beau temps, ainsi que des op\u00e9rations d\u2019\u00e9vacuation en cours et de nombreux d\u00e9bris flottants \u00e0 la surface.<\/p>\n<p class=\"fig-paragraph\">Un\u00a0<a href=\"http:\/\/www.lefigaro.fr\/international\/indonesie-un-ferry-prend-feu-au-large-de-bali-une-centaine-de-passagers-sauves-20260812\" data-fig-type=\"NewsFlash\" data-gtm-custom-categorie=\"navigation\" data-gtm-custom-action=\"crossclick\" data-gtm-custom-label=\"Contextuel\" data-gtm-event=\"customEventSPE\" data-fig-domain=\"LEFIGARO\" rel=\"nofollow noopener\" target=\"_blank\">ferry<\/a>\u00a0avec 267 personnes \u00e0 son bord a fait naufrage ce dimanche au large des c\u00f4tes de<a href=\"http:\/\/www.lefigaro.fr\/international\/erdogan-avertit-qu-il-ne-tolerera-aucune-menace-contre-chypre-nord-apres-un-accord-entre-la-france-et-chypre-20260610\" data-fig-type=\"NewsFlash\" data-gtm-custom-categorie=\"navigation\" data-gtm-custom-action=\"crossclick\" data-gtm-custom-label=\"Contextuel\" data-gtm-event=\"customEventSPE\" data-fig-domain=\"LEFIGARO\" rel=\"nofollow noopener\" target=\"_blank\">\u00a0la partie nord de Chypre<\/a>, indique l\u2019administration de l\u2019autoproclam\u00e9e \u00abR\u00e9publique turque de Chypre Nord\u00bb (RTCN).<\/p>\n<p class=\"fig-paragraph\">\u00abLe navire a chavir\u00e9 et a coul\u00e9 par 514 m\u00e8tres de profondeur. \u00c0 ce jour, nous avons pu secourir 244 personnes. Sept d\u2019entre elles sont d\u00e9c\u00e9d\u00e9es et 23 sont port\u00e9es disparues. La police m\u00e8ne l\u2019enqu\u00eate. Des informations d\u00e9taill\u00e9es seront communiqu\u00e9es au public tr\u00e8s prochainement\u00bb, a indiqu\u00e9 Tufan Erh\u00fcrman, le dirigeant de la \u00abRTCN\u00bb, comme relat\u00e9\u00a0<a href=\"https:\/\/www.cnnturk.com\/dunya\/live-son-dakika-girne-aciklarinda-yolcu-gemisi-alabora-oldu-3460690\" target=\"_blank\" rel=\"nofollow noopener\" data-gtm-custom-categorie=\"navigation\" data-gtm-custom-action=\"crossclick\" data-gtm-custom-label=\"Contextuel\" data-gtm-event=\"customEventSPE\">par CNN T\u00fcrk<\/a>.<\/p>\n<p>                                            <a class=\"fig-a11y-skip\" href=\"#fig-a11y-skip-main-inarticle\" is=\"fig-a11y-skip\" data-trigger-mode=\"visible-once\"><br \/>\n    Passer la publicit\u00e9<br \/>\n<\/a>            <\/p>\n<p class=\"fig-paragraph\">Les images diffus\u00e9es par les cha\u00eenes de t\u00e9l\u00e9vision turques montrent le bateau ballott\u00e9 et en partie immerg\u00e9 dans une mer form\u00e9e par beau temps, ainsi que des op\u00e9rations d\u2019\u00e9vacuation en cours et de nombreux d\u00e9bris flottants \u00e0 la surface. Les causes du naufrage ne sont pas connues.<\/p>\n<p>                                            De nombreux v\u00e9hicules de secours et des h\u00e9licopt\u00e8res pr\u00e9sents<\/p>\n<p class=\"fig-paragraph\">Les passagers \u00e9vacu\u00e9s, visiblement choqu\u00e9s, portent tous des gilets de sauvetage oranges selon ces images, qui montrent \u00e9galement de nombreux v\u00e9hicules de secours et des h\u00e9licopt\u00e8res positionn\u00e9s \u00e0 terre. \u00abTous les pr\u00e9paratifs n\u00e9cessaires ont \u00e9t\u00e9 effectu\u00e9s afin de permettre une intervention rapide des secours et des services de sant\u00e9\u00bb, a pr\u00e9cis\u00e9 le minist\u00e8re de la sant\u00e9 local dans un communiqu\u00e9.<\/p>\n<p class=\"fig-paragraph\">L\u2019autoproclam\u00e9e \u00abRTCN\u00bb, reconnue par la seule Turquie, a proclam\u00e9 son ind\u00e9pendance de Chypre en 1983, neuf apr\u00e8s l\u2019invasion par l\u2019arm\u00e9e turque du nord de l\u2019\u00eele. Le pr\u00e9sident turc Recep Tayyip Erdogan est en principe attendu lundi sur place pour une visite officielle avec le dirigeant Tufan Erhurman, qui \u00e9tait programm\u00e9e depuis longtemps.<\/p>\n","protected":false},"excerpt":{"rendered":"Les images diffus\u00e9es par les cha\u00eenes de t\u00e9l\u00e9vision turques montrent le bateau ballott\u00e9 et en partie immerg\u00e9 dans&hellip;\n","protected":false},"author":2,"featured_media":1157383,"comment_status":"","ping_status":"","sticky":false,"template":"","format":"standard","meta":{"footnotes":"","_share_on_mastodon":"0"},"categories":[2],"tags":[11,16996,49543,1011,27,1336,12,25],"class_list":["post-1157382","post","type-post","status-publish","format-standard","has-post-thumbnail","category-actualites","tag-actualites","tag-chypre","tag-ferry","tag-fr","tag-france","tag-naufrage","tag-news","tag-republique-francaise"],"share_on_mastodon":{"url":"https:\/\/pubeurope.com\/@fr\/117184722840860102","error":""},"_links":{"self":[{"href":"https:\/\/www.europesays.com\/fr\/wp-json\/wp\/v2\/posts\/1157382","targetHints":{"allow":["GET"]}}],"collection":[{"href":"https:\/\/www.europesays.com\/fr\/wp-json\/wp\/v2\/posts"}],"about":[{"href":"https:\/\/www.europesays.com\/fr\/wp-json\/wp\/v2\/types\/post"}],"author":[{"embeddable":true,"href":"https:\/\/www.europesays.com\/fr\/wp-json\/wp\/v2\/users\/2"}],"replies":[{"embeddable":true,"href":"https:\/\/www.europesays.com\/fr\/wp-json\/wp\/v2\/comments?post=1157382"}],"version-history":[{"count":0,"href":"https:\/\/www.europesays.com\/fr\/wp-json\/wp\/v2\/posts\/1157382\/revisions"}],"wp:featuredmedia":[{"embeddable":true,"href":"https:\/\/www.europesays.com\/fr\/wp-json\/wp\/v2\/media\/1157383"}],"wp:attachment":[{"href":"https:\/\/www.europesays.com\/fr\/wp-json\/wp\/v2\/media?parent=1157382"}],"wp:term":[{"taxonomy":"category","embeddable":true,"href":"https:\/\/www.europesays.com\/fr\/wp-json\/wp\/v2\/categories?post=1157382"},{"taxonomy":"post_tag","embeddable":true,"href":"https:\/\/www.europesays.com\/fr\/wp-json\/wp\/v2\/tags?post=1157382"}],"curies":[{"name":"wp","href":"https:\/\/api.w.org\/{rel}","templated":true}]}}