{"id":1157390,"date":"2026-08-30T13:41:23","date_gmt":"2026-08-30T13:41:23","guid":{"rendered":"https:\/\/www.europesays.com\/fr\/1157390\/"},"modified":"2026-08-30T13:41:23","modified_gmt":"2026-08-30T13:41:23","slug":"jaume-munar-terence-atmane-grand-chelem-us-open-premier-tour-dimanche-30-aout-2026-lequipe","status":"publish","type":"post","link":"https:\/\/www.europesays.com\/fr\/1157390\/","title":{"rendered":"Jaume Munar &#8211; Terence Atmane, Grand Chelem, US Open, Premier tour, Dimanche 30 ao\u00fbt 2026 &#8211; L&#039;\u00c9quipe"},"content":{"rendered":"<ol>\n<li><a href=\"https:\/\/news.google.com\/rss\/articles\/CBMiwwFBVV95cUxNYmF5UW1qTkYydkRSdG5qNGsyWmo0Q05DNllveUN0X3pxWFNidDFja3lYZWVlYjE2U2t3MGJkU05XdUhOanJXdU9YcEo2R292NVdSYW90bWsxOUpqcG9IVDBxeTFMM2RDa3hKUGtPQ1Zna1VYWXdJM0R2bHo1cUw5Y2RUOGdlR2w3QXA3MlRWc19wcFFsTmpybXgxWEZPeU9NT1J4OEttQ2MxblpscjZoajBsZXc5clUwT3lCQmZQeEo4Vzg?oc=5\" target=\"_blank\" rel=\"nofollow noopener\">Jaume Munar &#8211; Terence Atmane, Grand Chelem, US Open, Premier tour, Dimanche 30 ao\u00fbt 2026<\/a>&nbsp;&nbsp;L&rsquo;\u00c9quipe<\/li>\n<li><a href=\"https:\/\/news.google.com\/rss\/articles\/CBMiwgFBVV95cUxOVFotY0dQbDhpa3ZrSUlUUTVJNzl0N1VaVERadk1IYVZRSlVncDZUTnl3Y1JXWUc5a3ZfT2lqay1EU2plTENSbGp6VDRXQlZydnQyRTlWaXpGd2FsajRSQUMyblE0NXh0Zk5GNF90eUdadS00Zm5ZbUgxYVhTMHZyWVYxSE1HNHhmTGVxajR5TGtlOEJpS3hFTEhoOGdBakZYakZTTE1WbkNxaF81blpsUm1EcjQ3a1BDU3dFU201S2NwZw?oc=5\" target=\"_blank\" rel=\"nofollow noopener\">Lloyd Harris &#8211; Jack Kennedy, Grand Chelem, US Open, Premier tour, Dimanche 30 ao\u00fbt 2026<\/a>&nbsp;&nbsp;L&rsquo;\u00c9quipe<\/li>\n<li><a href=\"https:\/\/news.google.com\/rss\/articles\/CBMiygFBVV95cUxNOVk3UWwxVFlXR0UyWkhKU0d0VG5kQUp3OXFIX1VCUmdPSGt2UmdoaVg3Q1dOR1VUV3YxQWtWcDVTZ2F4U01YUkxBQVVIb2djdzhsTVNBWVlDNWNEdzA2QlA2d01wS2JSR05YMDM1YnlCMWZOSXZneWhKUUYwVXl1Tl8xb21Xbk9ZVzBYMlV0N0JyaEIxLW4tb3lhZ3VOY1hJU0dBNUFkam4wRXRhTjRteVNIWnNkMnVQWklKdzRQdmZ6eGtFeXlhbXd3?oc=5\" target=\"_blank\" rel=\"nofollow noopener\">US Open 2026 : \u00e0 New York, T\u00e9rence Atmane va-t-il enfin briser la mal\u00e9diction en Grands Chelems<\/a>&nbsp;&nbsp;La Voix du Nord<\/li>\n<li><a href=\"https:\/\/news.google.com\/rss\/articles\/CBMilgFBVV95cUxPWlBjYS1hOHZwR1VnMW95THp6QzFmakhnb0ZNYWtVWDUwSEpvaGdadFh2clpsN2Z0RXVzeWc0a2J2ZXoycTZYbHFEQ1M5MEUtVE1TWDUwa3RmWmRwRkpGc1gzYk1Rc19tZ1Q4VFRzcUZaMUFXa04xOXNWOGdEdnRXV2J4UVJyTTQtdk5rWFpvUUZ4SXpxamc?oc=5\" target=\"_blank\" rel=\"nofollow noopener\">Jaume Munar vs Terence Atmane \u2013 Pronostic et Cotes le 30\/08\/2026<\/a>&nbsp;&nbsp;Paris Sportifs LeFigaro<\/li>\n<li><a href=\"https:\/\/news.google.com\/rss\/articles\/CBMihgFBVV95cUxNYUctM3JFbHZTY0NvRjR3SnI1aExURkFtSlZUUFA5RnF3NjdQbzRKZUF3UTVXRHBfbXlndlRfd3VNQTRGTHVvOFh0RVFQY0lNNVkwWGJ6X2VXZk43cndKdEZtZkw3T0Y3V09sbTd3NmhfS1BLV2JpT29ka05pVjd2c3Z2eUhZQQ?oc=5\" target=\"_blank\" rel=\"nofollow noopener\">Pronostic Jaume Munar Terence Atmane GRATUIT &#8211; US Open 2026 30\/08\/2026<\/a>&nbsp;&nbsp;RueDesJoueurs<\/li>\n<\/ol>\n","protected":false},"excerpt":{"rendered":"Jaume Munar &#8211; Terence Atmane, Grand Chelem, US Open, Premier tour, Dimanche 30 ao\u00fbt 2026&nbsp;&nbsp;L&rsquo;\u00c9quipe Lloyd Harris &#8211;&hellip;\n","protected":false},"author":2,"featured_media":912358,"comment_status":"","ping_status":"","sticky":false,"template":"","format":"standard","meta":{"footnotes":"","_share_on_mastodon":"0"},"categories":[1415],"tags":[1011,27,118599,73268,60,1467,4172],"class_list":["post-1157390","post","type-post","status-publish","format-standard","has-post-thumbnail","category-tennis","tag-fr","tag-france","tag-jaume-munar-terence-atmane-en-direct","tag-null","tag-sports","tag-tennis","tag-us-open"],"share_on_mastodon":{"url":"https:\/\/pubeurope.com\/@fr\/117184750237175556","error":""},"_links":{"self":[{"href":"https:\/\/www.europesays.com\/fr\/wp-json\/wp\/v2\/posts\/1157390","targetHints":{"allow":["GET"]}}],"collection":[{"href":"https:\/\/www.europesays.com\/fr\/wp-json\/wp\/v2\/posts"}],"about":[{"href":"https:\/\/www.europesays.com\/fr\/wp-json\/wp\/v2\/types\/post"}],"author":[{"embeddable":true,"href":"https:\/\/www.europesays.com\/fr\/wp-json\/wp\/v2\/users\/2"}],"replies":[{"embeddable":true,"href":"https:\/\/www.europesays.com\/fr\/wp-json\/wp\/v2\/comments?post=1157390"}],"version-history":[{"count":0,"href":"https:\/\/www.europesays.com\/fr\/wp-json\/wp\/v2\/posts\/1157390\/revisions"}],"wp:featuredmedia":[{"embeddable":true,"href":"https:\/\/www.europesays.com\/fr\/wp-json\/wp\/v2\/media\/912358"}],"wp:attachment":[{"href":"https:\/\/www.europesays.com\/fr\/wp-json\/wp\/v2\/media?parent=1157390"}],"wp:term":[{"taxonomy":"category","embeddable":true,"href":"https:\/\/www.europesays.com\/fr\/wp-json\/wp\/v2\/categories?post=1157390"},{"taxonomy":"post_tag","embeddable":true,"href":"https:\/\/www.europesays.com\/fr\/wp-json\/wp\/v2\/tags?post=1157390"}],"curies":[{"name":"wp","href":"https:\/\/api.w.org\/{rel}","templated":true}]}}