{"id":115740,"date":"2025-05-21T01:58:08","date_gmt":"2025-05-21T01:58:08","guid":{"rendered":"https:\/\/www.europesays.com\/fr\/115740\/"},"modified":"2025-05-21T01:58:08","modified_gmt":"2025-05-21T01:58:08","slug":"un-mineur-egorge-sur-le-parking-dun-supermarche-lidl-dans-loise-plusieurs-interpellations","status":"publish","type":"post","link":"https:\/\/www.europesays.com\/fr\/115740\/","title":{"rendered":"Un mineur \u00e9gorg\u00e9 sur le parking d\u2019un supermarch\u00e9 Lidl dans l\u2019Oise, plusieurs interpellations"},"content":{"rendered":"<p>Trois individus, qui avaient pris la fuite apr\u00e8s les faits \u00e0 bord d\u2019un v\u00e9hicule, ont \u00e9t\u00e9 retrouv\u00e9s et interpell\u00e9s par la Brigade anticriminalit\u00e9.<\/p>\n<p class=\"fig-paragraph\">Un meurtre brutal. Un\u00a0<a href=\"http:\/\/www.lefigaro.fr\/story\/50-de-ce-qu-on-controle-ce-sont-des-mineurs-drogue-fraude-vols-immersion-avec-la-police-des-transports-en-commun-20250520\" target=\"_blank\" data-fig-type=\"Article\" rel=\"noopener\" data-gtm-custom-categorie=\"navigation\" data-gtm-custom-action=\"crossclick\" data-gtm-custom-label=\"Contextuel\" data-gtm-event=\"customEventSPE\" data-fig-domain=\"LEFIGARO\">mineur<\/a>\u00a0de 17 ans a \u00e9t\u00e9 retrouv\u00e9 mort ce mardi en d\u00e9but de soir\u00e9e \u00e0 Nogent-sur-Oise, dans l\u2019<a href=\"http:\/\/www.lefigaro.fr\/flash-actu\/oise-deux-personnes-blessees-au-fusil-de-chasse-un-individu-interpelle-20250515\" target=\"_blank\" data-fig-type=\"NewsFlash\" rel=\"noopener\" data-gtm-custom-categorie=\"navigation\" data-gtm-custom-action=\"crossclick\" data-gtm-custom-label=\"Contextuel\" data-gtm-event=\"customEventSPE\" data-fig-domain=\"LEFIGARO\">Oise<\/a>, a appris Le Figaro de sources concordantes ce 20 mai.<\/p>\n<p class=\"fig-paragraph\">Les faits se sont produits sur le parking d\u2019un supermarch\u00e9\u00a0<a href=\"http:\/\/www.lefigaro.fr\/flash-eco\/greve-chez-lidl-tous-les-supermarches-ouverts-jeudi-affirme-l-entreprise-20250515\" target=\"_blank\" data-fig-type=\"NewsFlash\" rel=\"noopener\" data-gtm-custom-categorie=\"navigation\" data-gtm-custom-action=\"crossclick\" data-gtm-custom-label=\"Contextuel\" data-gtm-event=\"customEventSPE\" data-fig-domain=\"LEFIGARO\">Lidl<\/a>\u00a0aux alentours de 19 heures. Les circonstances du drame sont encore floues. La victime a \u00e9t\u00e9 d\u00e9couverte bless\u00e9e avec une large plaie dans le cou, caus\u00e9e par une\u00a0<a href=\"http:\/\/www.lefigaro.fr\/faits-divers\/albi-un-homme-a-ete-tue-a-l-arme-blanche-lors-d-une-altercation-en-boite-de-nuit-20250504\" target=\"_blank\" data-fig-type=\"NewsFlash\" rel=\"noopener\" data-gtm-custom-categorie=\"navigation\" data-gtm-custom-action=\"crossclick\" data-gtm-custom-label=\"Contextuel\" data-gtm-event=\"customEventSPE\" data-fig-domain=\"LEFIGARO\">arme blanche<\/a>.<\/p>\n<p>Un coup port\u00e9 lors d\u2019une rixe<\/p>\n<p class=\"fig-paragraph\">Selon nos confr\u00e8res du\u00a0<a href=\"https:\/\/www.leparisien.fr\/oise-60\/cest-tellement-choquant-un-mineur-tue-dun-coup-de-hache-a-la-gorge-sur-le-parking-du-lidl-de-nogent-sur-oise-20-05-2025-FLGOPS6OYNBBPKDR3BSMMRVILM.php\" target=\"_blank\" rel=\"noopener\" data-gtm-custom-categorie=\"navigation\" data-gtm-custom-action=\"crossclick\" data-gtm-custom-label=\"Contextuel\" data-gtm-event=\"customEventSPE\">Parisien<\/a>, le jeune homme aurait subi un coup de hache. Selon nos informations, le coup aurait \u00e9t\u00e9 donn\u00e9 lors d\u2019une rixe dans laquelle plusieurs individus \u00e9taient impliqu\u00e9s. Le d\u00e9c\u00e8s de l\u2019adolescent \u00e9gorg\u00e9 a \u00e9t\u00e9 prononc\u00e9 \u00e0 19h50.<\/p>\n<p class=\"fig-paragraph\">Trois individus, qui avaient pris la fuite apr\u00e8s les faits \u00e0 bord d\u2019un v\u00e9hicule, ont \u00e9t\u00e9 retrouv\u00e9s et interpell\u00e9s par la Brigade anticriminalit\u00e9 (BAC). La police scientifique \u00e9tait sur les lieux du crime en milieu de soir\u00e9e pour mener l\u2019enqu\u00eate.<\/p>\n","protected":false},"excerpt":{"rendered":"Trois individus, qui avaient pris la fuite apr\u00e8s les faits \u00e0 bord d\u2019un v\u00e9hicule, ont \u00e9t\u00e9 retrouv\u00e9s et&hellip;\n","protected":false},"author":2,"featured_media":115741,"comment_status":"","ping_status":"","sticky":false,"template":"","format":"standard","meta":{"footnotes":""},"categories":[2],"tags":[119,11,3694,271,2951,3695,3696,118,1011,27,2825,1253,303,777,12,1940,1072,2694,25,2949],"class_list":{"0":"post-115740","1":"post","2":"type-post","3":"status-publish","4":"format-standard","5":"has-post-thumbnail","7":"category-actualites","8":"tag-accident","9":"tag-actualites","10":"tag-affaires","11":"tag-crime","12":"tag-criminalite","13":"tag-enquetes","14":"tag-evenements","15":"tag-faits-divers","16":"tag-fr","17":"tag-france","18":"tag-insecurite","19":"tag-islamisme","20":"tag-justice","21":"tag-meurtre","22":"tag-news","23":"tag-oise","24":"tag-police","25":"tag-proces","26":"tag-republique-francaise","27":"tag-violences"},"share_on_mastodon":{"url":"https:\/\/pubeurope.com\/@fr\/114543349360228127","error":""},"_links":{"self":[{"href":"https:\/\/www.europesays.com\/fr\/wp-json\/wp\/v2\/posts\/115740","targetHints":{"allow":["GET"]}}],"collection":[{"href":"https:\/\/www.europesays.com\/fr\/wp-json\/wp\/v2\/posts"}],"about":[{"href":"https:\/\/www.europesays.com\/fr\/wp-json\/wp\/v2\/types\/post"}],"author":[{"embeddable":true,"href":"https:\/\/www.europesays.com\/fr\/wp-json\/wp\/v2\/users\/2"}],"replies":[{"embeddable":true,"href":"https:\/\/www.europesays.com\/fr\/wp-json\/wp\/v2\/comments?post=115740"}],"version-history":[{"count":0,"href":"https:\/\/www.europesays.com\/fr\/wp-json\/wp\/v2\/posts\/115740\/revisions"}],"wp:featuredmedia":[{"embeddable":true,"href":"https:\/\/www.europesays.com\/fr\/wp-json\/wp\/v2\/media\/115741"}],"wp:attachment":[{"href":"https:\/\/www.europesays.com\/fr\/wp-json\/wp\/v2\/media?parent=115740"}],"wp:term":[{"taxonomy":"category","embeddable":true,"href":"https:\/\/www.europesays.com\/fr\/wp-json\/wp\/v2\/categories?post=115740"},{"taxonomy":"post_tag","embeddable":true,"href":"https:\/\/www.europesays.com\/fr\/wp-json\/wp\/v2\/tags?post=115740"}],"curies":[{"name":"wp","href":"https:\/\/api.w.org\/{rel}","templated":true}]}}