{"id":1157409,"date":"2026-08-30T13:55:23","date_gmt":"2026-08-30T13:55:23","guid":{"rendered":"https:\/\/www.europesays.com\/fr\/1157409\/"},"modified":"2026-08-30T13:55:23","modified_gmt":"2026-08-30T13:55:23","slug":"les-filles-retournent-chez-maman-apres-sa-separation-avec-celine-clement-baudrand-familles-nombreuses-evoque-la-garde-de-leurs-enfants","status":"publish","type":"post","link":"https:\/\/www.europesays.com\/fr\/1157409\/","title":{"rendered":"\u00ab\u00a0Les filles retournent chez maman\u00a0\u00bb : Apr\u00e8s sa s\u00e9paration avec C\u00e9line, Cl\u00e9ment Baudrand (Familles nombreuses) \u00e9voque la garde de leurs enfants"},"content":{"rendered":"<p>Chacun son tour. Il y a quelques jours, C\u00e9line et Cl\u00e9ment Baudrand, d\u00e9couverts dans Familles nombreuses : la vie en XXL avec leur tribu recompos\u00e9e de huit enfants, <a href=\"https:\/\/www.programme-tv.net\/news\/tele-realite\/407191-celine-et-clement-baudrand-familles-nombreuses-se-separent-apres-2-ans-de-mariage-et-14-ans-d-amour-notre-histoire-se-termine\/\" data-api-deeplink=\"teleloisirs:\/\/news\/407191\" rel=\"nofollow noopener\" target=\"_blank\">ont officialis\u00e9 leur s\u00e9paration<\/a> apr\u00e8s 14 ans de relation. Dans une story publi\u00e9e ce samedi 28 ao\u00fbt, le p\u00e8re de famille a \u00e9voqu\u00e9 la garde des tripl\u00e9es qu&rsquo;ils ont eues ensembles. \u00ab\u00a0Apr\u00e8s une semaine avec papa, les filles retournent chez maman\u00a0\u00bb, \u00e9crit-il en l\u00e9gende d&rsquo;une photo en leur compagnie.<\/p>\n<p>En plus de Grace, Molly et Jade, Cl\u00e9ment est aussi le papa de Brice et Julia, tous deux issus d&rsquo;une pr\u00e9c\u00e9dente union. De son c\u00f4t\u00e9, C\u00e9line est \u00e9galement la maman de Lina, et de jumeaux, Lohan et Ma\u00e9. Le couple, pr\u00e9sent dans la derni\u00e8re saison en cours de diffusion, a rejoint le programme de TF1 en 2022, alors que leurs trois derniers \u00e9taient seulement \u00e2g\u00e9s de 17 mois.<\/p>\n<p>                        C\u00e9line Baudrand a d\u00e9m\u00e9nag\u00e9 apr\u00e8s l&rsquo;annonce de sa s\u00e9paration avec Cl\u00e9ment<\/p>\n<p>Apr\u00e8s l&rsquo;annonce de leur s\u00e9paration, C\u00e9line Baudrand a r\u00e9v\u00e9l\u00e9 dans une story Instagram du jeudi 27 ao\u00fbt <a href=\"https:\/\/www.programme-tv.net\/news\/tele-realite\/407299-clement-baudrand-familles-nombreuses-reagit-a-lannonce-de-son-divorce-avec-celine-apres-14-ans-damour\/\" data-api-deeplink=\"teleloisirs:\/\/news\/407299\" rel=\"nofollow noopener\" target=\"_blank\">avoir d\u00e9m\u00e9nag\u00e9<\/a> en publiant une photo montrant un trousseau de cl\u00e9s et l&rsquo;inscription \u00ab\u00a0New home\u00a0\u00bb [\u00ab\u00a0nouvelle maison\u00a0\u00bb en fran\u00e7ais, ndlr]\u00a0\u00bb en l\u00e9gende. Les \u00e9poux vivaient jusqu&rsquo;alors dans une maison situ\u00e9e dans la r\u00e9gion du Rh\u00f4ne avec leur famille recompos\u00e9e de huit enfants.<\/p>\n<p>Pendant son d\u00e9m\u00e9nagement, la m\u00e8re de famille a aussi publi\u00e9 un clich\u00e9 avec un homme en train de charger ses cartons dans une camionnette. Dans la foul\u00e9e, elle <a href=\"https:\/\/www.programme-tv.net\/news\/people\/407363-cest-un-ami-de-longue-date-celine-baudrand-familles-nombreuses-fait-une-mise-au-point-apres-lannonce-de-son-divorce\/\" data-api-deeplink=\"teleloisirs:\/\/news\/407363\" rel=\"nofollow noopener\" target=\"_blank\">s&rsquo;est sentie oblig\u00e9e d&rsquo;indiquer la nature de leur relation<\/a>. \u00ab\u00a0Je pr\u00e9cise pour les super d\u00e9tectives sur ma vie priv\u00e9e, c&rsquo;est un ami de longue date\u00a0\u00bb, a-t-elle \u00e9crit pour couper court aux possibles rumeurs.<\/p>\n<p>            C\u00e9line et Cl\u00e9ment Baudrand s\u00e9par\u00e9s deux ans apr\u00e8s la diffusion de leur mariage<\/p>\n<p>C\u00e9line et Cl\u00e9ment Baudrand ont chacun annonc\u00e9 leur s\u00e9paration sur leur compte Instagram avec le m\u00eame texte. \u00ab\u00a0Merci pour cette danse qui aura dur\u00e9 14 ann\u00e9es. Notre histoire se termine. La suite s&rsquo;\u00e9crira diff\u00e9remment. Chacun de son c\u00f4t\u00e9. Mais toujours avec respect. Merci pour votre bienveillance et de respecter notre vie priv\u00e9e\u00a0\u00bb, ont-ils \u00e9crit en l\u00e9gende de leurs publications respectives.<\/p>\n<p>En revanche, l&rsquo;ancien couple a choisi deux photos diff\u00e9rentes issues de leur mariage, une en couleur o\u00f9 ils sont de dos face \u00e0 un feu d&rsquo;artifice pour Cl\u00e9ment, et une en noir et blanc o\u00f9 ils s&rsquo;enlacent yeux dans les yeux pour C\u00e9line. La c\u00e9r\u00e9monie avait \u00e9t\u00e9 diffus\u00e9e en septembre 2024 dans Familles nombreuses apr\u00e8s <a href=\"https:\/\/www.programme-tv.net\/news\/tele-realite\/356780-on-aura-encore-rien-vu-celine-baudrand-familles-nombreuses-devoile-des-photos-de-son-mariage-pas-encore-diffuse-sur-tf1-les-internautes-s-impatientent\/\" data-api-deeplink=\"teleloisirs:\/\/news\/356780\" rel=\"nofollow noopener\" target=\"_blank\">des mois d&rsquo;attente<\/a>. Pris d&rsquo;un coup de chaleur, le mari\u00e9 avait fait un petit malaise.<\/p>\n<p>Article \u00e9crit en collaboration avec 6Medias<\/p>\n","protected":false},"excerpt":{"rendered":"Chacun son tour. Il y a quelques jours, C\u00e9line et Cl\u00e9ment Baudrand, d\u00e9couverts dans Familles nombreuses : la&hellip;\n","protected":false},"author":2,"featured_media":1157410,"comment_status":"","ping_status":"","sticky":false,"template":"","format":"standard","meta":{"footnotes":"","_share_on_mastodon":"0"},"categories":[8],"tags":[244,58,7681,847,59,118435,4980,1011,27,2175],"class_list":["post-1157409","post","type-post","status-publish","format-standard","has-post-thumbnail","category-divertissement","tag-commentaire","tag-divertissement","tag-divorce","tag-enfant","tag-entertainment","tag-famille-baudrand","tag-familles-nombreuses-la-vie-en-xxl","tag-fr","tag-france","tag-tl-story"],"share_on_mastodon":{"url":"https:\/\/pubeurope.com\/@fr\/117184805416223341","error":""},"_links":{"self":[{"href":"https:\/\/www.europesays.com\/fr\/wp-json\/wp\/v2\/posts\/1157409","targetHints":{"allow":["GET"]}}],"collection":[{"href":"https:\/\/www.europesays.com\/fr\/wp-json\/wp\/v2\/posts"}],"about":[{"href":"https:\/\/www.europesays.com\/fr\/wp-json\/wp\/v2\/types\/post"}],"author":[{"embeddable":true,"href":"https:\/\/www.europesays.com\/fr\/wp-json\/wp\/v2\/users\/2"}],"replies":[{"embeddable":true,"href":"https:\/\/www.europesays.com\/fr\/wp-json\/wp\/v2\/comments?post=1157409"}],"version-history":[{"count":0,"href":"https:\/\/www.europesays.com\/fr\/wp-json\/wp\/v2\/posts\/1157409\/revisions"}],"wp:featuredmedia":[{"embeddable":true,"href":"https:\/\/www.europesays.com\/fr\/wp-json\/wp\/v2\/media\/1157410"}],"wp:attachment":[{"href":"https:\/\/www.europesays.com\/fr\/wp-json\/wp\/v2\/media?parent=1157409"}],"wp:term":[{"taxonomy":"category","embeddable":true,"href":"https:\/\/www.europesays.com\/fr\/wp-json\/wp\/v2\/categories?post=1157409"},{"taxonomy":"post_tag","embeddable":true,"href":"https:\/\/www.europesays.com\/fr\/wp-json\/wp\/v2\/tags?post=1157409"}],"curies":[{"name":"wp","href":"https:\/\/api.w.org\/{rel}","templated":true}]}}