{"id":1157411,"date":"2026-08-30T13:56:17","date_gmt":"2026-08-30T13:56:17","guid":{"rendered":"https:\/\/www.europesays.com\/fr\/1157411\/"},"modified":"2026-08-30T13:56:17","modified_gmt":"2026-08-30T13:56:17","slug":"un-nouvel-atlas-de-lunivers-la-nasa-lance-le-telescope-roman-pour-percer-les-secrets-du-cosmos","status":"publish","type":"post","link":"https:\/\/www.europesays.com\/fr\/1157411\/","title":{"rendered":"\u00abUn nouvel Atlas de l\u2019Univers\u00bb : la Nasa lance le t\u00e9lescope Roman pour percer les secrets du cosmos"},"content":{"rendered":"<p>\n    La Nasa a lanc\u00e9 ce dimanche 30 ao\u00fbt Roman, un t\u00e9lescope spatial de nouvelle g\u00e9n\u00e9ration qui veut r\u00e9volutionner notre connaissance de l\u2019Univers.<\/p>\n<p class=\"fig-paragraph\">Il doit offrir \u00e0 la Terre \u00abun nouvel Atlas de l\u2019Univers\u00bb. La Nasa a fait d\u00e9coller ce dimanche le t\u00e9lescope spatial Roman depuis le Centre spatial Kennedy en Floride, dans le sud-est des \u00c9tats-Unis.\u00a0<a href=\"http:\/\/www.lefigaro.fr\/sciences\/la-nasa-devoile-roman-son-nouveau-telescope-spatial-pour-cartographier-l-univers-20260422\" data-fig-type=\"NewsFlash\" data-gtm-custom-categorie=\"navigation\" data-gtm-custom-action=\"crossclick\" data-gtm-custom-label=\"Contextuel\" data-gtm-event=\"customEventSPE\" data-fig-domain=\"LEFIGARO\" rel=\"nofollow noopener\" target=\"_blank\">Ce t\u00e9lescope de derni\u00e8re g\u00e9n\u00e9ration \u00abpermettra de percer les secrets de l\u2019univers\u00bb<\/a>, a assur\u00e9 vendredi le pr\u00e9sident am\u00e9ricain Donald Trump lors d\u2019une c\u00e9r\u00e9monie dans les locaux de la Nasa. Il est destin\u00e9 \u00e0 accomplir une cartographie sans pr\u00e9c\u00e9dent du cosmos.<\/p>\n<p class=\"fig-paragraph\">D\u00e9velopp\u00e9 pendant plus d\u2019une d\u00e9cennie pour un co\u00fbt d\u00e9passant les 4 milliards de dollars, l\u2019appareil est baptis\u00e9 en l\u2019honneur d\u2019une des plus grandes astronomes am\u00e9ricaines, Nancy Grace Roman, surnomm\u00e9e la \u00abm\u00e8re de Hubble\u00bb, du nom d\u2019un autre t\u00e9lescope phare de la Nasa.<\/p>\n<p>                                            <a class=\"fig-a11y-skip\" href=\"#fig-a11y-skip-main-inarticle\" is=\"fig-a11y-skip\" data-trigger-mode=\"visible-once\"><br \/>\n    Passer la publicit\u00e9<br \/>\n<\/a>            <\/p>\n<p class=\"fig-paragraph\">Hubble nous a notamment appris que\u00a0<a href=\"https:\/\/www.lefigaro.fr\/sciences\/2012\/09\/26\/01008-20120926ARTFIG00676-hubble-devoile-la-plus-lointaine-image-de-l-espace.php\" data-fig-type=\"Article\" data-gtm-custom-categorie=\"navigation\" data-gtm-custom-action=\"crossclick\" data-gtm-custom-label=\"Contextuel\" data-gtm-event=\"customEventSPE\" data-fig-domain=\"LEFIGARO\" rel=\"nofollow noopener\" target=\"_blank\">notre univers s\u2019\u00e9tend plus vite que nous le pensions<\/a>. Le \u00abRoman Space T\u00e9lescope\u00bb sera charg\u00e9 de r\u00e9pondre aux questions rest\u00e9es en suspens. Gr\u00e2ce \u00e0 son large champ de vision, plus de 100 fois sup\u00e9rieur \u00e0 celui de Hubble, il ratissera de vastes zones du ciel depuis un point de vue privil\u00e9gi\u00e9, \u00e0 1,5 million de kilom\u00e8tres de la Terre.<\/p>\n<p>                                            \u00abIl s\u2019agira du plus grand catalogue d\u2019objets astronomiques jamais r\u00e9alis\u00e9\u00bb<\/p>\n<p class=\"fig-paragraph\">Avec ce nouveau t\u00e9lescope, la Nasa veut notamment s\u2019attaquer \u00e0 l\u2019un des plus grands myst\u00e8res du cosmos\u00a0:\u00a0<a href=\"http:\/\/www.lefigaro.fr\/sciences\/la-theorie-du-gel-ultrarelativiste-une-nouvelle-hypothese-sur-les-origines-de-la-matiere-noire-20260129\" data-fig-type=\"Article\" data-gtm-custom-categorie=\"navigation\" data-gtm-custom-action=\"crossclick\" data-gtm-custom-label=\"Contextuel\" data-gtm-event=\"customEventSPE\" data-fig-domain=\"LEFIGARO\" rel=\"nofollow noopener\" target=\"_blank\">la mati\u00e8re noire et l\u2019\u00e9nergie noire, qui constitueraient \u00e0 elles deux environ 95 % de l\u2019Univers<\/a>. \u00abRoman\u00bb doit aussi permettre de d\u00e9couvrir des milliers d\u2019exoplan\u00e8tes et des dizaines de milliers de supernov\u00e6, c\u2019est-\u00e0-dire d\u2019\u00e9toiles massives en fin de vie.<\/p>\n<p class=\"fig-paragraph\">Gr\u00e2ce \u00e0 sa vision infrarouge, le t\u00e9lescope pourra observer la lumi\u00e8re \u00e9mise par des objets c\u00e9lestes il y a des milliards d\u2019ann\u00e9es et remonter ainsi dans le temps afin de mieux les comprendre. \u00abIl s\u2019agira du plus grand catalogue d\u2019objets astronomiques jamais r\u00e9alis\u00e9, et il nous aidera \u00e0 comprendre \u00e0 quel point les syst\u00e8mes solaires comme le n\u00f4tre sont courants\u00bb, a insist\u00e9 Dave Content, responsable technique du t\u00e9lescope.<\/p>\n<p class=\"fig-paragraph\">Ces observations pourraient bouleverser notre compr\u00e9hension de la structure de l\u2019Univers. Les scientifiques se sont r\u00e9cemment rendu compte que le \u00abmod\u00e8le standard\u00bb, qui d\u00e9crit son fonctionnement, pourrait \u00eatre incomplet, explique Julie McEnery, astrophysicienne responsable du t\u00e9lescope. \u00abRoman sera en mesure de le confirmer et de nous mettre sur la voie de la compr\u00e9hension de ce qui est juste\u00bb, conclut-elle.<\/p>\n","protected":false},"excerpt":{"rendered":"La Nasa a lanc\u00e9 ce dimanche 30 ao\u00fbt Roman, un t\u00e9lescope spatial de nouvelle g\u00e9n\u00e9ration qui veut r\u00e9volutionner&hellip;\n","protected":false},"author":2,"featured_media":1157412,"comment_status":"","ping_status":"","sticky":false,"template":"","format":"standard","meta":{"footnotes":"","_share_on_mastodon":"0"},"categories":[7],"tags":[10050,1011,27,333,43,40,41,39,42,44,387],"class_list":["post-1157411","post","type-post","status-publish","format-standard","has-post-thumbnail","category-sciences-et-technologies","tag-cosmos","tag-fr","tag-france","tag-nasa","tag-science","tag-science-and-technology","tag-sciences","tag-sciences-et-technologies","tag-technologies","tag-technology","tag-univers"],"share_on_mastodon":{"url":"https:\/\/pubeurope.com\/@fr\/117184809400813680","error":""},"_links":{"self":[{"href":"https:\/\/www.europesays.com\/fr\/wp-json\/wp\/v2\/posts\/1157411","targetHints":{"allow":["GET"]}}],"collection":[{"href":"https:\/\/www.europesays.com\/fr\/wp-json\/wp\/v2\/posts"}],"about":[{"href":"https:\/\/www.europesays.com\/fr\/wp-json\/wp\/v2\/types\/post"}],"author":[{"embeddable":true,"href":"https:\/\/www.europesays.com\/fr\/wp-json\/wp\/v2\/users\/2"}],"replies":[{"embeddable":true,"href":"https:\/\/www.europesays.com\/fr\/wp-json\/wp\/v2\/comments?post=1157411"}],"version-history":[{"count":0,"href":"https:\/\/www.europesays.com\/fr\/wp-json\/wp\/v2\/posts\/1157411\/revisions"}],"wp:featuredmedia":[{"embeddable":true,"href":"https:\/\/www.europesays.com\/fr\/wp-json\/wp\/v2\/media\/1157412"}],"wp:attachment":[{"href":"https:\/\/www.europesays.com\/fr\/wp-json\/wp\/v2\/media?parent=1157411"}],"wp:term":[{"taxonomy":"category","embeddable":true,"href":"https:\/\/www.europesays.com\/fr\/wp-json\/wp\/v2\/categories?post=1157411"},{"taxonomy":"post_tag","embeddable":true,"href":"https:\/\/www.europesays.com\/fr\/wp-json\/wp\/v2\/tags?post=1157411"}],"curies":[{"name":"wp","href":"https:\/\/api.w.org\/{rel}","templated":true}]}}