{"id":1157415,"date":"2026-08-30T13:58:23","date_gmt":"2026-08-30T13:58:23","guid":{"rendered":"https:\/\/www.europesays.com\/fr\/1157415\/"},"modified":"2026-08-30T13:58:23","modified_gmt":"2026-08-30T13:58:23","slug":"perou-le-chef-du-gang-tren-de-aragua-au-chili-arrete-avec-laide-du-fbi","status":"publish","type":"post","link":"https:\/\/www.europesays.com\/fr\/1157415\/","title":{"rendered":"P\u00e9rou\u00a0: Le chef du gang Tren de Aragua au Chili arr\u00eat\u00e9 avec l\u2019aide du FBI"},"content":{"rendered":"<p>Son gang est consid\u00e9r\u00e9 par les \u00c9tats-Unis comme une organisation terroriste. Chef pr\u00e9sum\u00e9 <a href=\"https:\/\/www.20minutes.fr\/monde\/etats-unis\/4135408-20250124-etats-unis-gang-tren-aragua-donald-trump-veut-demanteler\" class=\"c-link c-link--is-underlined\" rel=\"nofollow noopener\" target=\"_blank\">de l\u2019organisation Tren de Aragua<\/a> au Chili, Ibelmery Adon Colina Maldonado a \u00e9t\u00e9 interpell\u00e9 samedi par la police p\u00e9ruvienne. L\u2019arrestation de ce V\u00e9n\u00e9zuelien de 48 ans a \u00e9t\u00e9 men\u00e9e au P\u00e9rou au cours d\u2019une op\u00e9ration tripartite avec la police chilienne <a href=\"https:\/\/www.20minutes.fr\/dossier\/fbi\" class=\"c-link c-link--is-underlined\" rel=\"nofollow noopener\" target=\"_blank\">et le FBI am\u00e9ricain<\/a>, a annonc\u00e9 le gouvernement p\u00e9ruvien.<\/p>\n<p>Connu sous le pseudonyme de \u00ab\u00a0R15\u00a0\u00bb, il \u00e9tait notamment recherch\u00e9 pour son implication pr\u00e9sum\u00e9e dans l\u2019enl\u00e8vement et la s\u00e9questration d\u2019un citoyen v\u00e9n\u00e9zu\u00e9lien au Chili. \u00ab\u00a0Ce d\u00e9linquant va \u00eatre expuls\u00e9 vers le Chili\u00a0\u00bb, a annonc\u00e9 le ministre de l\u2019Int\u00e9rieur P\u00e9ruvien, le g\u00e9n\u00e9ral C\u00e9sar Astudillo, lors d\u2019un point presse. L\u2019arrestation d\u2019Ibelmery Adon Colina Maldonado a eu lieu dans la matin\u00e9e, dans une rue du tr\u00e8s fr\u00e9quent\u00e9 district de San Mart\u00edn de Porres, dans le nord de Lima. Le suspect \u00e9tait en possession de faux documents, selon la police p\u00e9ruvienne.<\/p>\n<\/p>\n<p>Un autre che pr\u00e9sum\u00e9 interpell\u00e9 jeudi en Colombie<\/p>\n<p>Le FBI et la police du P\u00e9rou ont sign\u00e9 en mai un accord visant \u00e0 \u00ab\u00a0faire face au crime organis\u00e9 transnational gr\u00e2ce \u00e0 la coop\u00e9ration et aux enqu\u00eates sp\u00e9cialis\u00e9es.\u00a0\u00bb Cette interpellation intervient deux jours apr\u00e8s l\u2019arrestation \u00e0 Bogot\u00e1 (Colombie) de l\u2019un des dirigeants pr\u00e9sum\u00e9 du Tren de Aragua au P\u00e9rou, identifi\u00e9 comme Luis Sa\u00fal P\u00e9rez Nieto, alias \u00ab\u00a0P\u00e1ez\u00a0\u00bb ou \u00ab\u00a0Nairobi\u00a0\u00bb.<\/p>\n<p><a href=\"https:\/\/www.20minutes.fr\/monde\/4228838-20260613-venezuela-enfant-guerrier-chef-celebre-gang-tren-aragua-abattu-frappe-americaine\" class=\"c-link c-link--is-underlined\" rel=\"nofollow noopener\" target=\"_blank\">Le gang Tren de Aragua<\/a> s\u2019est form\u00e9 en\u00a02014 dans l\u2019\u00c9tat v\u00e9n\u00e9zu\u00e9lien du m\u00eame nom et, selon des rapports du renseignement, s\u2019est \u00e9tendu \u00e0 huit pays d\u2019Am\u00e9rique du Sud. Il est accus\u00e9 de traite d\u2019\u00eatres humains, d\u2019assassinats, d\u2019enl\u00e8vements, de vols, de trafic de drogue et d\u2019extorsion.<\/p>\n","protected":false},"excerpt":{"rendered":"Son gang est consid\u00e9r\u00e9 par les \u00c9tats-Unis comme une organisation terroriste. Chef pr\u00e9sum\u00e9 de l\u2019organisation Tren de Aragua&hellip;\n","protected":false},"author":2,"featured_media":1157416,"comment_status":"","ping_status":"","sticky":false,"template":"","format":"standard","meta":{"footnotes":"","_share_on_mastodon":"0"},"categories":[5],"tags":[47,11,5165,40896,2951,73,18120,1011,27,14,74,12,10227,28],"class_list":["post-1157415","post","type-post","status-publish","format-standard","has-post-thumbnail","category-international","tag-actualite","tag-actualites","tag-amerique-du-sud","tag-chili","tag-criminalite","tag-etats-unis","tag-fbi","tag-fr","tag-france","tag-international","tag-monde","tag-news","tag-perou","tag-world"],"share_on_mastodon":{"url":"https:\/\/pubeurope.com\/@fr\/117184817111083801","error":""},"_links":{"self":[{"href":"https:\/\/www.europesays.com\/fr\/wp-json\/wp\/v2\/posts\/1157415","targetHints":{"allow":["GET"]}}],"collection":[{"href":"https:\/\/www.europesays.com\/fr\/wp-json\/wp\/v2\/posts"}],"about":[{"href":"https:\/\/www.europesays.com\/fr\/wp-json\/wp\/v2\/types\/post"}],"author":[{"embeddable":true,"href":"https:\/\/www.europesays.com\/fr\/wp-json\/wp\/v2\/users\/2"}],"replies":[{"embeddable":true,"href":"https:\/\/www.europesays.com\/fr\/wp-json\/wp\/v2\/comments?post=1157415"}],"version-history":[{"count":0,"href":"https:\/\/www.europesays.com\/fr\/wp-json\/wp\/v2\/posts\/1157415\/revisions"}],"wp:featuredmedia":[{"embeddable":true,"href":"https:\/\/www.europesays.com\/fr\/wp-json\/wp\/v2\/media\/1157416"}],"wp:attachment":[{"href":"https:\/\/www.europesays.com\/fr\/wp-json\/wp\/v2\/media?parent=1157415"}],"wp:term":[{"taxonomy":"category","embeddable":true,"href":"https:\/\/www.europesays.com\/fr\/wp-json\/wp\/v2\/categories?post=1157415"},{"taxonomy":"post_tag","embeddable":true,"href":"https:\/\/www.europesays.com\/fr\/wp-json\/wp\/v2\/tags?post=1157415"}],"curies":[{"name":"wp","href":"https:\/\/api.w.org\/{rel}","templated":true}]}}