{"id":115744,"date":"2025-05-21T02:03:16","date_gmt":"2025-05-21T02:03:16","guid":{"rendered":"https:\/\/www.europesays.com\/fr\/115744\/"},"modified":"2025-05-21T02:03:16","modified_gmt":"2025-05-21T02:03:16","slug":"pronostic-taylor-fritz-quentin-halys-atp-geneve","status":"publish","type":"post","link":"https:\/\/www.europesays.com\/fr\/115744\/","title":{"rendered":"Pronostic Taylor Fritz Quentin Halys &#8211; ATP Gen\u00e8ve"},"content":{"rendered":"<p class=\"text-xs leading-5 text-gray-400 mb-2\">\n                        Publi\u00e9 le 20\/05\/2025 15:07<br \/>\n                        \u00a0par<br \/>\n                                                            <a href=\"https:\/\/www.sportytrader.com\/auteur\/jeremy-ernou-10\/\" target=\"_blank\" rel=\"noopener\">J\u00e9r\u00e9my Ernou<\/a><\/p>\n<p>                                                    |<br \/>\n                            Modifi\u00e9 le<br \/>\n                                20\/05\/2025<br \/>\n                                \u00e0 15:08<\/p>\n<p>                                                                                                            dans<br \/>\n                                <a data-trans=\"tips.published.sport %sport%\" href=\"https:\/\/www.sportytrader.com\/pronostics\/tennis\/\" target=\"_blank\" rel=\"noopener\"><br \/>\n                                    Pronostics Tennis<br \/>\n                                <\/a><\/p>\n<p>Le Fran\u00e7ais Quentin Halys se voit offrir un sacr\u00e9 challenge au second tour du tournoi ATP de Gen\u00e8ve avec la t\u00eate de s\u00e9rie n\u00b01, l\u2019Am\u00e9ricain Taylor Fritz.<\/p>\n<p>Taylor Fritz s\u2019est fait discret en 2025 sur terre battue mais avant de prendre la direction de Roland Garros dans quelques jours, c\u2019est \u00e0 Gen\u00e8ve que le 4\u00e8me joueur mondial a voulu r\u00e9p\u00e9ter ses gammes une derni\u00e8re fois. Apr\u00e8s un huiti\u00e8me de finale \u00e0 Madrid, l\u2019Am\u00e9ricain avait subi la loi de son compatriote Marcos Giron lors de son entr\u00e9e en lice \u00e0 Rome il y a deux semaines. 4 petits matchs sur terre battue pour celui qui n\u2019appr\u00e9cie gu\u00e8re cette surface mais qui est n\u00e9anmoins capable sur certaines s\u00e9quences de se montrer \u00e0 un tr\u00e8s bon niveau. Taylor Fritz est venu en Suisse pour trouver du rythme et ce mardi, son tournoi d\u00e9butera avec un duel face \u00e0 Quentin Halys.<\/p>\n<p>Le Fran\u00e7ais a souffert ce lundi lors du premier tour pour s\u2019offrir l\u2019Espagnol Jaume Munar en 3 sets. Une belle victoire qui rappelle que le tennisman tricolore peut \u00e9voluer \u00e0 un tr\u00e8s bon niveau sur terre battue, lui qui par le pass\u00e9 a obtenu de bons r\u00e9sultats. Mais jusqu\u2019\u00e0 pr\u00e9sent, le 50\u00e8me joueur mondial n\u2019avait trouv\u00e9 les bons r\u00e9glages avec des revers au premier tour \u00e0 Madrid, Aix-en-Provence et Rome. Un succ\u00e8s bienvenu pour Quentin Halys qui apr\u00e8s avoir sorti un pur sp\u00e9cialiste de la terre va s\u2019attaquer plus instable sur cette surface mais plus talentueux, Taylor Fritz.<\/p>\n","protected":false},"excerpt":{"rendered":"Publi\u00e9 le 20\/05\/2025 15:07 \u00a0par J\u00e9r\u00e9my Ernou | Modifi\u00e9 le 20\/05\/2025 \u00e0 15:08 dans Pronostics Tennis Le Fran\u00e7ais&hellip;\n","protected":false},"author":2,"featured_media":115745,"comment_status":"","ping_status":"","sticky":false,"template":"","format":"standard","meta":{"footnotes":""},"categories":[1415],"tags":[22595,1011,27,1817,1821,23596,60,15535,1467],"class_list":{"0":"post-115744","1":"post","2":"type-post","3":"status-publish","4":"format-standard","5":"has-post-thumbnail","7":"category-tennis","8":"tag-atp-geneve","9":"tag-fr","10":"tag-france","11":"tag-pronostic","12":"tag-pronostics","13":"tag-quentin-halys","14":"tag-sports","15":"tag-taylor-fritz","16":"tag-tennis"},"share_on_mastodon":{"url":"https:\/\/pubeurope.com\/@fr\/114543368782754015","error":""},"_links":{"self":[{"href":"https:\/\/www.europesays.com\/fr\/wp-json\/wp\/v2\/posts\/115744","targetHints":{"allow":["GET"]}}],"collection":[{"href":"https:\/\/www.europesays.com\/fr\/wp-json\/wp\/v2\/posts"}],"about":[{"href":"https:\/\/www.europesays.com\/fr\/wp-json\/wp\/v2\/types\/post"}],"author":[{"embeddable":true,"href":"https:\/\/www.europesays.com\/fr\/wp-json\/wp\/v2\/users\/2"}],"replies":[{"embeddable":true,"href":"https:\/\/www.europesays.com\/fr\/wp-json\/wp\/v2\/comments?post=115744"}],"version-history":[{"count":0,"href":"https:\/\/www.europesays.com\/fr\/wp-json\/wp\/v2\/posts\/115744\/revisions"}],"wp:featuredmedia":[{"embeddable":true,"href":"https:\/\/www.europesays.com\/fr\/wp-json\/wp\/v2\/media\/115745"}],"wp:attachment":[{"href":"https:\/\/www.europesays.com\/fr\/wp-json\/wp\/v2\/media?parent=115744"}],"wp:term":[{"taxonomy":"category","embeddable":true,"href":"https:\/\/www.europesays.com\/fr\/wp-json\/wp\/v2\/categories?post=115744"},{"taxonomy":"post_tag","embeddable":true,"href":"https:\/\/www.europesays.com\/fr\/wp-json\/wp\/v2\/tags?post=115744"}],"curies":[{"name":"wp","href":"https:\/\/api.w.org\/{rel}","templated":true}]}}