{"id":1157467,"date":"2026-08-30T14:35:16","date_gmt":"2026-08-30T14:35:16","guid":{"rendered":"https:\/\/www.europesays.com\/fr\/1157467\/"},"modified":"2026-08-30T14:35:16","modified_gmt":"2026-08-30T14:35:16","slug":"la-madrague-de-montredon-celebre-le-centenaire-de-giovanni","status":"publish","type":"post","link":"https:\/\/www.europesays.com\/fr\/1157467\/","title":{"rendered":"La Madrague de Montredon c\u00e9l\u00e8bre le centenaire de Giovanni"},"content":{"rendered":"<p>N\u00e9 le 27 ao\u00fbt 1926 \u00e0 Amaro dans le nord-est de l\u2019Italie, Giovanni est arriv\u00e9 en France \u00ab\u00a0dans les ann\u00e9es 30\u00a0\u00bb, explique son fils Romain. Il s\u2019installe \u00e0 Marseille dans le quartier de Menpenti (10e) avant de rencontrer Paulette, une \u00ab\u00a0vraie Marseillaise\u00a0\u00bb originaire de <a href=\"https:\/\/www.laprovence.com\/article\/region\/45982922781576\/la-premiere-battue-aux-sangliers-de-l-annee-aura-lieu-a-la-madrague-de-montredon-a-marseille\" target=\"_blank\" rel=\"nofollow noopener\">la Madrague de Montredon<\/a>, ajoute sa fille St\u00e9phanie.<\/p>\n<p>Giovanni travaille comme \u00e9b\u00e9niste d\u2019art \u00ab\u00a0toute sa vie\u00a0\u00bb, pr\u00e9cisent ses enfants\u2026 Un m\u00e9tier qui lui est rest\u00e9 puisque le centenaire a r\u00e9alis\u00e9 des tabourets jusqu\u2019\u00e0 ses 98 ans ! Malgr\u00e9 la guerre qui le marque durablement, Giovanni reste \u00e0 Marseille o\u00f9 il y construit sa famille.<\/p>\n<p>\u00ab\u00a0Il adore peindre et lire, toujours sans lunettes\u00a0\u00bb, plaisante St\u00e9phanie. Et pas n\u2019importe quelle lecture, puisque Giovanni affectionne La Provence, \u00ab\u00a0un de ses plus fid\u00e8les lecteurs\u00a0\u00bb, partage Romain. Notre journal se joint \u00e0 sa famille pour lui souhaiter un joyeux anniversaire.<\/p>\n","protected":false},"excerpt":{"rendered":"N\u00e9 le 27 ao\u00fbt 1926 \u00e0 Amaro dans le nord-est de l\u2019Italie, Giovanni est arriv\u00e9 en France \u00ab\u00a0dans&hellip;\n","protected":false},"author":2,"featured_media":1157468,"comment_status":"","ping_status":"","sticky":false,"template":"","format":"standard","meta":{"footnotes":"","_share_on_mastodon":"0"},"categories":[2814],"tags":[5734,1111,11,3010,12360,1777,674,1011,27,118613,118611,884,118612,12,882,16,25],"class_list":["post-1157467","post","type-post","status-publish","format-standard","has-post-thumbnail","category-marseille","tag-5734","tag-actu","tag-actualites","tag-celebre","tag-centenaire","tag-eu","tag-europe","tag-fr","tag-france","tag-giovanni","tag-madrague","tag-marseille","tag-montredon","tag-news","tag-provence-alpes-cote-dazur","tag-region","tag-republique-francaise"],"share_on_mastodon":{"url":"https:\/\/pubeurope.com\/@fr\/117184962636943771","error":""},"_links":{"self":[{"href":"https:\/\/www.europesays.com\/fr\/wp-json\/wp\/v2\/posts\/1157467","targetHints":{"allow":["GET"]}}],"collection":[{"href":"https:\/\/www.europesays.com\/fr\/wp-json\/wp\/v2\/posts"}],"about":[{"href":"https:\/\/www.europesays.com\/fr\/wp-json\/wp\/v2\/types\/post"}],"author":[{"embeddable":true,"href":"https:\/\/www.europesays.com\/fr\/wp-json\/wp\/v2\/users\/2"}],"replies":[{"embeddable":true,"href":"https:\/\/www.europesays.com\/fr\/wp-json\/wp\/v2\/comments?post=1157467"}],"version-history":[{"count":0,"href":"https:\/\/www.europesays.com\/fr\/wp-json\/wp\/v2\/posts\/1157467\/revisions"}],"wp:featuredmedia":[{"embeddable":true,"href":"https:\/\/www.europesays.com\/fr\/wp-json\/wp\/v2\/media\/1157468"}],"wp:attachment":[{"href":"https:\/\/www.europesays.com\/fr\/wp-json\/wp\/v2\/media?parent=1157467"}],"wp:term":[{"taxonomy":"category","embeddable":true,"href":"https:\/\/www.europesays.com\/fr\/wp-json\/wp\/v2\/categories?post=1157467"},{"taxonomy":"post_tag","embeddable":true,"href":"https:\/\/www.europesays.com\/fr\/wp-json\/wp\/v2\/tags?post=1157467"}],"curies":[{"name":"wp","href":"https:\/\/api.w.org\/{rel}","templated":true}]}}