{"id":1157471,"date":"2026-08-30T14:38:23","date_gmt":"2026-08-30T14:38:23","guid":{"rendered":"https:\/\/www.europesays.com\/fr\/1157471\/"},"modified":"2026-08-30T14:38:23","modified_gmt":"2026-08-30T14:38:23","slug":"bus-tcl-a-lyon-quels-numeros-changent-le-31-aout","status":"publish","type":"post","link":"https:\/\/www.europesays.com\/fr\/1157471\/","title":{"rendered":"Bus TCL \u00e0 Lyon : quels num\u00e9ros changent le 31 ao\u00fbt ?"},"content":{"rendered":"<p>La rentr\u00e9e va demander un petit effort de m\u00e9moire aux habitu\u00e9s des bus lyonnais. D\u00e8s ce lundi 31 ao\u00fbt, plusieurs dizaines de lignes TCL abandonneront leur num\u00e9ro actuel au profit d\u2019une nouvelle nomenclature.<\/p>\n<p>Cette op\u00e9ration constitue la derni\u00e8re grande \u00e9tape de la r\u00e9organisation engag\u00e9e avec l\u2019unification du r\u00e9seau. Les TCL regroupent d\u00e9sormais pr\u00e8s de 600 lignes r\u00e9guli\u00e8res et scolaires, h\u00e9rit\u00e9es de plusieurs anciens r\u00e9seaux qui utilisaient parfois les m\u00eames num\u00e9ros.<\/p>\n<p>R\u00e9sultat : il est aujourd\u2019hui possible de trouver, par exemple, une ligne C25 et une ligne 25. La nouvelle organisation doit faire dispara\u00eetre ce type de doublons.<\/p>\n<p><strong>De nouveaux num\u00e9ros parfois m\u00e9connaissables<\/strong><\/p>\n<p>Pour certaines lignes, le changement restera relativement facile \u00e0 retenir. La ligne 2 deviendra ainsi la 102, la 3 la 103, la 5 la 105 ou encore la 25 la 125.<\/p>\n<p>D\u2019autres voyageurs devront davantage revoir leurs habitudes. La ligne 30 prendra le num\u00e9ro 230, la 32 deviendra 232 et la 47 sera rebaptis\u00e9e 248.<\/p>\n<p>Les appellations sp\u00e9cifiques dispara\u00eetront \u00e9galement en partie. Les lignes Ge2, Ge4 et Ge6 deviendront respectivement 130, 131 et 132. Plusieurs lignes S seront r\u00e9parties dans les s\u00e9ries 130 et 140, tandis que les dessertes Zi recevront des num\u00e9ros compris entre 145 et 150. La ligne express 15E sera pour sa part renomm\u00e9e 99EX.<\/p>\n<p><strong>Certaines lignes C perdent m\u00eame leur lettre<\/strong><\/p>\n<p>Les lignes structurantes ne conserveront pas toutes leur appellation actuelle. La C7 deviendra la ligne 36, la C15E prendra le num\u00e9ro 32 et la C19 sera transform\u00e9e en ligne 41. D\u2019autres lignes continueront \u00e0 porter la lettre C, mais avec un num\u00e9ro diff\u00e9rent.<\/p>\n<p>L\u2019objectif est que chaque desserte poss\u00e8de d\u00e9sormais une identit\u00e9 propre sur l\u2019ensemble du territoire TCL, quel que soit l\u2019ancien r\u00e9seau auquel elle appartenait.<\/p>\n<p>La renum\u00e9rotation s\u2019accompagnera d\u2019une nouvelle organisation visuelle. Chaque ligne disposera d\u2019une couleur destin\u00e9e \u00e0 faciliter son rep\u00e9rage sur les plans et aux arr\u00eats. M\u00eame le m\u00e9tro C changera l\u00e9g\u00e8rement d\u2019apparence, avec un orange plus marqu\u00e9. Les deux funiculaires adopteront \u00e9galement de nouvelles couleurs : bleu pour l\u2019un, bordeaux pour l\u2019autre.<\/p>\n<p>Les TCL pr\u00e9sentent notamment ce syst\u00e8me comme une aide suppl\u00e9mentaire pour les voyageurs qui rencontrent des difficult\u00e9s \u00e0 se rep\u00e9rer sur les cartes du r\u00e9seau.<\/p>\n<p>Afin de limiter les erreurs \u00e0 partir de lundi, les anciens et nouveaux num\u00e9ros sont d\u00e9j\u00e0 affich\u00e9s simultan\u00e9ment sur le site et l\u2019application TCL.<\/p>\n<p>Le calculateur d\u2019itin\u00e9raire int\u00e8gre \u00e9galement la future nomenclature et <a href=\"https:\/\/www.tcl.fr\/de-nouveaux-numeros-pour-certaines-lignes-de-bus#convertisseur\" target=\"_blank\" rel=\"noopener nofollow\">un convertisseur<\/a> permet de rechercher directement le nouveau num\u00e9ro correspondant \u00e0 une ligne actuelle.<\/p>\n<p>Une p\u00e9riode de transition qui devrait \u00eatre utile : au retour des vacances, certains voyageurs risquent de d\u00e9couvrir que leur bus quotidien porte d\u00e9sormais un num\u00e9ro totalement diff\u00e9rent.<\/p>\n","protected":false},"excerpt":{"rendered":"La rentr\u00e9e va demander un petit effort de m\u00e9moire aux habitu\u00e9s des bus lyonnais. D\u00e8s ce lundi 31&hellip;\n","protected":false},"author":2,"featured_media":1157472,"comment_status":"","ping_status":"","sticky":false,"template":"","format":"standard","meta":{"footnotes":"","_share_on_mastodon":"0"},"categories":[1889],"tags":[1111,11,2813,2190,2430,1109,251,1112,2811,1777,674,118,1011,27,1922,1110,1114,2428,2810,12,241,316,25,2812,517,800],"class_list":["post-1157471","post","type-post","status-publish","format-standard","has-post-thumbnail","category-lyon","tag-actu","tag-actualites","tag-article","tag-asvel","tag-auvergne-rhone-alpes","tag-breves","tag-culture","tag-depeches","tag-economique","tag-eu","tag-europe","tag-faits-divers","tag-fr","tag-france","tag-info","tag-informations","tag-infos","tag-lyon","tag-lyonmag","tag-news","tag-ol","tag-politique","tag-republique-francaise","tag-sociale","tag-sport","tag-transports"],"share_on_mastodon":{"url":"https:\/\/pubeurope.com\/@fr\/117184974633489155","error":""},"_links":{"self":[{"href":"https:\/\/www.europesays.com\/fr\/wp-json\/wp\/v2\/posts\/1157471","targetHints":{"allow":["GET"]}}],"collection":[{"href":"https:\/\/www.europesays.com\/fr\/wp-json\/wp\/v2\/posts"}],"about":[{"href":"https:\/\/www.europesays.com\/fr\/wp-json\/wp\/v2\/types\/post"}],"author":[{"embeddable":true,"href":"https:\/\/www.europesays.com\/fr\/wp-json\/wp\/v2\/users\/2"}],"replies":[{"embeddable":true,"href":"https:\/\/www.europesays.com\/fr\/wp-json\/wp\/v2\/comments?post=1157471"}],"version-history":[{"count":0,"href":"https:\/\/www.europesays.com\/fr\/wp-json\/wp\/v2\/posts\/1157471\/revisions"}],"wp:featuredmedia":[{"embeddable":true,"href":"https:\/\/www.europesays.com\/fr\/wp-json\/wp\/v2\/media\/1157472"}],"wp:attachment":[{"href":"https:\/\/www.europesays.com\/fr\/wp-json\/wp\/v2\/media?parent=1157471"}],"wp:term":[{"taxonomy":"category","embeddable":true,"href":"https:\/\/www.europesays.com\/fr\/wp-json\/wp\/v2\/categories?post=1157471"},{"taxonomy":"post_tag","embeddable":true,"href":"https:\/\/www.europesays.com\/fr\/wp-json\/wp\/v2\/tags?post=1157471"}],"curies":[{"name":"wp","href":"https:\/\/api.w.org\/{rel}","templated":true}]}}