{"id":115748,"date":"2025-05-21T02:07:08","date_gmt":"2025-05-21T02:07:08","guid":{"rendered":"https:\/\/www.europesays.com\/fr\/115748\/"},"modified":"2025-05-21T02:07:08","modified_gmt":"2025-05-21T02:07:08","slug":"giro-tour-ditalie-primoz-roglic-la-reco-etait-plus-exigeante-que-la-course","status":"publish","type":"post","link":"https:\/\/www.europesays.com\/fr\/115748\/","title":{"rendered":"Giro. Tour d&rsquo;Italie &#8211; Primoz Roglic : \u00abLa reco \u00e9tait plus exigeante que la course\u00bb"},"content":{"rendered":"<p>Alors que la journ\u00e9e avait plut\u00f4t mal commenc\u00e9, suite \u00e0 <a href=\"https:\/\/www.cyclismactu.net\/..\/news-giro-route-tour-d-italie-primoz-roglic-chute-encore-lors-de-reconnaissance-du-chrono-87950.html\" target=\"_blank\" rel=\"nofollow noopener\">sa chute lors de la reconnaissance du parcours<\/a>, <strong>Primoz Roglic<\/strong> a fait l&rsquo;une des belles affaires sur cette 10e \u00e9tape du <strong><a href=\"https:\/\/www.cyclismactu.net\/..\/news-giro-route-tour-d-italie-daan-hoole-10e-etape-primoz-roglic-grand-gagnant-des-leaders-87955.html\" target=\"_blank\" rel=\"nofollow noopener\">Giro d&rsquo;Italia<\/a><\/strong>. En effet, le Slov\u00e8ne de la<strong> Red Bull-BORA-hansgrohe<\/strong> a r\u00e9alis\u00e9 le meilleur temps parmi les favoris sur le contre-la-montre de 28,6km entre Lucca et Pise. \u00c9voluant sous une pluie battante, ce qui ne lui a pas permis de se battre pour la victoire d&rsquo;\u00e9tape (17e \u00e0 1&rsquo;15\u00a0\u00bb du vainqueur Dan Hoole, ndlr), <strong>Roglic<\/strong> n&rsquo;a pas pris de risques, mais a r\u00e9ussi \u00e0 faire la diff\u00e9rence sur les parties rectiligne, pour notamment reprendre 20&Prime; \u00e0 <strong>Juan Ayuso <\/strong>(UAE Team Emirates XRG) et 1&rsquo;08\u00a0\u00bb \u00e0 <strong>Isaac Del Toro<\/strong> (UAE Team Emirates XRG).<\/p>\n<p>Vid\u00e9o &#8211; Le r\u00e9sum\u00e9 de ce contre-la-montre de la 10e \u00e9tape Lire la suite de l&rsquo;article&#13;<\/p>\n<p>\u00a0<\/p>\n<p>&#13;<br \/>\n\u00ab\u00a0Chaque m\u00e8tre de route s\u00e8che \u00e9tait une b\u00e9n\u00e9diction\u00a0\u00bb&#13;<\/p>\n<p>\u00ab\u00a0J\u2019ai bien roul\u00e9 sur le contre-la-montre et je suis vraiment content de ma performance. Par chance, j\u2019ai fait la reconnaissance sous une pluie battante, et c\u2019\u00e9tait plus exigeant qu\u2019aujourd\u2019hui. Pendant l\u2019\u00e9tape, il y a juste eu quelques gouttes et quelques portions mouill\u00e9es. Chaque m\u00e8tre de route s\u00e8che \u00e9tait une b\u00e9n\u00e9diction. C\u2019est \u00e7a, le cyclisme\u00a0\u00bb, a d\u00e9clar\u00e9 <strong>Roglic <\/strong>au micro de nos confr\u00e8res de <a href=\"https:\/\/www.rtvslo.si\/sport\/kolesarstvo\/dirka-po-italiji\/roglic-po-padcu-na-ogledu-v-dezni-loteriji-pridobil-19-sekund-proti-ayusu\/746228\" target=\"_blank\" rel=\"nofollow noopener\">RTV.slo<\/a>. Le Slov\u00e8ne est \u00e9galement revenu sur sa chute pendant la reconnaissance. \u00ab\u00a0Je suis plus \u00e9quilibr\u00e9 maintenant. Dimanche, je suis tomb\u00e9 sur le c\u00f4t\u00e9 gauche, aujourd\u2019hui je me suis un peu gliss\u00e9 sur les fesses du c\u00f4t\u00e9 droit. On verra bien. Comme on dit, les douleurs qui n\u2019atteignent pas le c\u0153ur ne m\u00e9ritent pas d\u2019\u00eatre mentionn\u00e9es. Ce qui me fait le plus mal, en r\u00e9alit\u00e9, c\u2019est cette fichue \u00e9paule touch\u00e9e lors de la pr\u00e9c\u00e9dente chute. Pour le reste, on verra.\u00a0\u00bb<\/p>\n<p>&#13;<\/p>\n<p>\u00ab\u00a0Demain (mercredi), une \u00e9tape assez difficile nous attend. On verra bien comment \u00e7a se passe. On va essayer de r\u00e9cup\u00e9rer pendant ces \u00e9tapes pour les grandes batailles de montagne \u00e0 venir\u00a0\u00bb, a poursuivi <strong>Roglic<\/strong>, confiant pour les jours suivants : \u00ab\u00a0Je n\u2019ai pas d\u2019autre choix, maintenant que je suis l\u00e0. On avance. Il va encore se passer beaucoup de choses. Mon seul devoir, c\u2019est de donner le meilleur de moi-m\u00eame. C\u2019est aussi simple que \u00e7a. Courageusement et avec d\u00e9termination pour les prochains jours.\u00a0\u00bb<\/p>\n<p>Tour d&rsquo;Italie &#8211; Classement de la 10\u00e8 \u00e9tape Tour d&rsquo;Italie &#8211; Classement g\u00e9n\u00e9ral provisoire apr\u00e8s la 10\u00e8 \u00e9tape<\/p>\n","protected":false},"excerpt":{"rendered":"Alors que la journ\u00e9e avait plut\u00f4t mal commenc\u00e9, suite \u00e0 sa chute lors de la reconnaissance du parcours,&hellip;\n","protected":false},"author":2,"featured_media":115749,"comment_status":"","ping_status":"","sticky":false,"template":"","format":"standard","meta":{"footnotes":""},"categories":[1411],"tags":[1154,207,1011,27,209,60,3318,208],"class_list":{"0":"post-115748","1":"post","2":"type-post","3":"status-publish","4":"format-standard","5":"has-post-thumbnail","7":"category-cyclisme","8":"tag-cycling","9":"tag-cyclisme","10":"tag-fr","11":"tag-france","12":"tag-route","13":"tag-sports","14":"tag-tour-d","15":"tag-velo"},"share_on_mastodon":{"url":"https:\/\/pubeurope.com\/@fr\/114543384604600733","error":""},"_links":{"self":[{"href":"https:\/\/www.europesays.com\/fr\/wp-json\/wp\/v2\/posts\/115748","targetHints":{"allow":["GET"]}}],"collection":[{"href":"https:\/\/www.europesays.com\/fr\/wp-json\/wp\/v2\/posts"}],"about":[{"href":"https:\/\/www.europesays.com\/fr\/wp-json\/wp\/v2\/types\/post"}],"author":[{"embeddable":true,"href":"https:\/\/www.europesays.com\/fr\/wp-json\/wp\/v2\/users\/2"}],"replies":[{"embeddable":true,"href":"https:\/\/www.europesays.com\/fr\/wp-json\/wp\/v2\/comments?post=115748"}],"version-history":[{"count":0,"href":"https:\/\/www.europesays.com\/fr\/wp-json\/wp\/v2\/posts\/115748\/revisions"}],"wp:featuredmedia":[{"embeddable":true,"href":"https:\/\/www.europesays.com\/fr\/wp-json\/wp\/v2\/media\/115749"}],"wp:attachment":[{"href":"https:\/\/www.europesays.com\/fr\/wp-json\/wp\/v2\/media?parent=115748"}],"wp:term":[{"taxonomy":"category","embeddable":true,"href":"https:\/\/www.europesays.com\/fr\/wp-json\/wp\/v2\/categories?post=115748"},{"taxonomy":"post_tag","embeddable":true,"href":"https:\/\/www.europesays.com\/fr\/wp-json\/wp\/v2\/tags?post=115748"}],"curies":[{"name":"wp","href":"https:\/\/api.w.org\/{rel}","templated":true}]}}