{"id":1157491,"date":"2026-08-30T14:51:18","date_gmt":"2026-08-30T14:51:18","guid":{"rendered":"https:\/\/www.europesays.com\/fr\/1157491\/"},"modified":"2026-08-30T14:51:18","modified_gmt":"2026-08-30T14:51:18","slug":"un-chalutier-francais-coule-aux-abords-du-royaume-uni-deux-marins-portes-disparus-actualites","status":"publish","type":"post","link":"https:\/\/www.europesays.com\/fr\/1157491\/","title":{"rendered":"Un chalutier fran\u00e7ais coule aux abords du Royaume-Uni, deux marins port\u00e9s disparus : Actualit\u00e9s"},"content":{"rendered":"<p class=\"lead \"><strong>La pr\u00e9fecture maritime de l\u2019Atlantique a indiqu\u00e9, dans un communiqu\u00e9, que le Maranello, un chalutier fran\u00e7ais, a fait naufrage, samedi 29 ao\u00fbt, au large de Plymouth, ville portuaire dans le sud-ouest de l\u2019Angleterre. Si trois marins ont pu \u00eatre secourus, deux sont encore introuvables.<\/strong><\/p>\n<p class=\"lead \">Une situation rare. Dans <a href=\"https:\/\/www.premar-atlantique.gouv.fr\/communiques-presse\/recherches-en-cours-suite-au-naufrage-d-un-navire-de-peche-francais-en-zone-de-responsabilite-britannique\" target=\"_blank\" rel=\"nofollow noopener\">un communiqu\u00e9<\/a>, publi\u00e9 dimanche 30 ao\u00fbt, la pr\u00e9fecture maritime de l\u2019Atlantique a r\u00e9v\u00e9l\u00e9 que le Maranello, <a href=\"https:\/\/actu.orange.fr\/france\/un-chalutier-xxl-neerlandais-attise-la-colere-des-pecheurs-francais-et-relance-le-debat-sur-la-peche-industrielle-magic-CNT000002p6eBM.html\" rel=\"nofollow noopener\" target=\"_blank\">un bateau de p\u00eache<\/a> fran\u00e7ais, a coul\u00e9, samedi 29 ao\u00fbt en fin de journ\u00e9e, \u00e0 proximit\u00e9 de Plymouth, une ville portuaire au sud-ouest de l\u2019Angleterre. Le chalutier immatricul\u00e9 \u00e0 Saint-Brieuc (C\u00f4tes-d\u2019Armor) a transmis un signal de d\u00e9tresse au Stradale, un autre bateau de p\u00eache du m\u00eame armateur, bas\u00e9 au m\u00eame endroit, pour \u00ab\u00a0un probl\u00e8me avec son engin de p\u00eache\u00a0\u00bb. Celle de la Manche et de la mer du Nord a pr\u00e9cis\u00e9 \u00e0 <a href=\"https:\/\/www.franceinfo.fr\/faits-divers\/deux-marins-disparus-apres-le-naufrage-d-un-bateau-de-peche-francais-au-large-de-plymouth-en-angleterre_8169353.html\" target=\"_blank\" rel=\"nofollow noopener\">l\u2019Agence de Radio France<\/a> qu\u2019un filet de p\u00eache s\u2019est coinc\u00e9 dans le moteur.<\/p>\n<p class=\"lead \">Le Stradale s\u2019est rendu \u00e0 proximit\u00e9 du Maranello et a secouru trois marins. En revanche, deux restent toujours port\u00e9s disparus. Parmi les trois marins sauv\u00e9s, deux ont \u00e9t\u00e9 ramen\u00e9s \u00e0 Plymouth, tandis que le troisi\u00e8me, bless\u00e9, a \u00e9t\u00e9 h\u00e9litreuill\u00e9 vers l\u2019h\u00f4pital de Truro en Angleterre.<\/p>\n<p class=\"lead \"><strong>D\u2019importants moyens de recherche mobilis\u00e9s<\/strong><\/p>\n<p class=\"lead \">De leur c\u00f4t\u00e9, les autorit\u00e9s britanniques ont rapidement d\u00e9ploy\u00e9 de nombreux et importants moyens pour retrouver les deux marins. Dans le d\u00e9tail, c\u2019est le MRCC britannique Falmouth qui m\u00e8ne les op\u00e9rations tandis que les Centres r\u00e9gionaux op\u00e9rationnels de surveillance et de sauvetage (CROSS) Gris-Nez et Corsen font office de soutien.<\/p>\n<p class=\"lead \">Un Falcon 50 de la Marine nationale, deux vedettes de sauvetage et deux avions britanniques sont \u00e9galement mobilis\u00e9s. Les courants forts risquent d\u2019avoir emport\u00e9 les marins vers l\u2019Atlantique. Enfin, un b\u00e2timent de la Marine nationale, la Garonne, est aussi sur les lieux. D\u00e9but\u00e9es peu apr\u00e8s le naufrage du bateau, les recherches se poursuivent ce dimanche 30 ao\u00fbt. Pour rappel, le Maranello a quitt\u00e9 le port de Saint-Quay-Portrieux mardi 25 ao\u00fbt dans la matin\u00e9e.<\/p>\n<p class=\"small font-weight-bold text-gray3 \"> publi\u00e9 le 30 ao\u00fbt \u00e0 16h32, S\u00e9bastien Salpietro, 6M\u00e9dias avec L&rsquo;Express<\/p>\n<p>                             Partager<\/p>\n","protected":false},"excerpt":{"rendered":"La pr\u00e9fecture maritime de l\u2019Atlantique a indiqu\u00e9, dans un communiqu\u00e9, que le Maranello, un chalutier fran\u00e7ais, a fait&hellip;\n","protected":false},"author":2,"featured_media":1157492,"comment_status":"","ping_status":"","sticky":false,"template":"","format":"standard","meta":{"footnotes":"","_share_on_mastodon":"0"},"categories":[1588],"tags":[11,1777,674,12,473,1853,1851,1850,1852],"class_list":["post-1157491","post","type-post","status-publish","format-standard","has-post-thumbnail","category-royaume-uni","tag-actualites","tag-eu","tag-europe","tag-news","tag-royaume-uni","tag-royaume-uni-de-grande-bretagne-et-dirlande-du-nord","tag-uk","tag-united-kingdom","tag-united-kingdom-of-great-britain-and-northern-ireland"],"share_on_mastodon":{"url":"https:\/\/pubeurope.com\/@fr\/117185025499619327","error":""},"_links":{"self":[{"href":"https:\/\/www.europesays.com\/fr\/wp-json\/wp\/v2\/posts\/1157491","targetHints":{"allow":["GET"]}}],"collection":[{"href":"https:\/\/www.europesays.com\/fr\/wp-json\/wp\/v2\/posts"}],"about":[{"href":"https:\/\/www.europesays.com\/fr\/wp-json\/wp\/v2\/types\/post"}],"author":[{"embeddable":true,"href":"https:\/\/www.europesays.com\/fr\/wp-json\/wp\/v2\/users\/2"}],"replies":[{"embeddable":true,"href":"https:\/\/www.europesays.com\/fr\/wp-json\/wp\/v2\/comments?post=1157491"}],"version-history":[{"count":0,"href":"https:\/\/www.europesays.com\/fr\/wp-json\/wp\/v2\/posts\/1157491\/revisions"}],"wp:featuredmedia":[{"embeddable":true,"href":"https:\/\/www.europesays.com\/fr\/wp-json\/wp\/v2\/media\/1157492"}],"wp:attachment":[{"href":"https:\/\/www.europesays.com\/fr\/wp-json\/wp\/v2\/media?parent=1157491"}],"wp:term":[{"taxonomy":"category","embeddable":true,"href":"https:\/\/www.europesays.com\/fr\/wp-json\/wp\/v2\/categories?post=1157491"},{"taxonomy":"post_tag","embeddable":true,"href":"https:\/\/www.europesays.com\/fr\/wp-json\/wp\/v2\/tags?post=1157491"}],"curies":[{"name":"wp","href":"https:\/\/api.w.org\/{rel}","templated":true}]}}