{"id":1157493,"date":"2026-08-30T14:52:21","date_gmt":"2026-08-30T14:52:21","guid":{"rendered":"https:\/\/www.europesays.com\/fr\/1157493\/"},"modified":"2026-08-30T14:52:21","modified_gmt":"2026-08-30T14:52:21","slug":"acharnement-politique-rassemblement-a-paris-contre-lextradition-annoncee-de-lantifa-gino","status":"publish","type":"post","link":"https:\/\/www.europesays.com\/fr\/1157493\/","title":{"rendered":"Acharnement politique\u00a0\u00bb: rassemblement \u00e0 Paris contre l&rsquo;extradition annonc\u00e9e de l&rsquo;antifa \u00ab\u00a0Gino"},"content":{"rendered":"<p class=\"mb-4 text-lg md:leading-8 break-words\">Pr\u00e8s de 300 personnes se sont rassembl\u00e9es dimanche \u00e0 Paris pour demander que le militant antifasciste \u00ab\u00a0Gino\u00a0\u00bb ne soit pas extrad\u00e9 vers l&rsquo;Allemagne dans une affaire de violences contre des n\u00e9onazis, comme l&rsquo;a r\u00e9cemment ordonn\u00e9 la justice fran\u00e7aise.<\/p>\n<p class=\"mb-4 text-lg md:leading-8 break-words\">Rexhino Abazaj, alias \u00ab\u00a0Gino\u00a0\u00bb, est un activiste \u00ab\u00a0antifa\u00a0\u00bb albanais dont la justice a ordonn\u00e9 mi-ao\u00fbt l&rsquo;extradition vers l&rsquo;Allemagne alors qu&rsquo;elle avait pr\u00e9c\u00e9demment refus\u00e9 de le remettre \u00e0 la Hongrie par crainte pour ses droits fondamentaux.<\/p>\n<p class=\"mb-4 text-lg md:leading-8 break-words\">Le trentenaire, qui s&rsquo;est pourvu en cassation contre cette d\u00e9cision, est accus\u00e9 par la Hongrie de violences contre des n\u00e9onazis qui d\u00e9filaient \u00e0 Budapest en f\u00e9vrier 2023, attaqu\u00e9s \u00e0 coups de matraques et de marteaux. Il encourt une peine allant jusqu&rsquo;\u00e0 24 ans de prison dans ce pays et jusqu&rsquo;\u00e0 10 ans en Allemagne, des victimes pr\u00e9sum\u00e9es \u00e9tant de nationalit\u00e9 allemande.<\/p>\n<p class=\"mb-4 text-lg md:leading-8 break-words\">\u00ab\u00a0Je suis victime d&rsquo;un acharnement politique\u00a0\u00bb, dans le cadre d&rsquo;un mouvement de \u00ab\u00a0chasse \u00e0 l&rsquo;antifascisme dans toute l&rsquo;Europe\u00a0\u00bb, a d\u00e9nonc\u00e9 \u00ab\u00a0Gino\u00a0\u00bb aupr\u00e8s de l&rsquo;AFP lors de ce rassemblement dans le nord-est de Paris \u00e0 l&rsquo;appel d&rsquo;un comit\u00e9 de soutien.<\/p>\n<p class=\"mb-4 text-lg md:leading-8 break-words\">Bob viss\u00e9 sur la t\u00eate, fines lunettes et sac en bandouli\u00e8re, le militant menac\u00e9 d&rsquo;extradition a d\u00e9crit l'\u00a0\u00bbattente stressante\u00a0\u00bb de l&rsquo;audience en cassation, lors de laquelle il entend \u00ab\u00a0d\u00e9fendre (ses) arguments\u00a0\u00bb.<\/p>\n<p class=\"mb-4 text-lg md:leading-8 break-words\">En avril 2025, la France avait refus\u00e9 de le remettre \u00e0 Budapest, invoquant des \u00ab\u00a0risques\u00a0\u00bb d&rsquo;un \u00ab\u00a0traitement inhumain\u00a0\u00bb en prison et l&rsquo;incertitude de lui garantir un proc\u00e8s \u00e9quitable dans ce pays de l&rsquo;Union europ\u00e9enne.<\/p>\n<p class=\"mb-4 text-lg md:leading-8 break-words\">\u00ab\u00a0La Cour de cassation, ce sera le dernier appel possible. Il y a un vrai risque pour Gino ensuite d&rsquo;\u00eatre transf\u00e9r\u00e9 en Hongrie s&rsquo;il \u00e9tait extrad\u00e9 d&rsquo;abord en Allemagne. Ils l&rsquo;ont d\u00e9j\u00e0 fait pour Maja, l&rsquo;Allemagne l&rsquo;a livr\u00e9\u00a0\u00bb, a expliqu\u00e9 \u00e0 l&rsquo;AFP Quentin, porte-parole du Comit\u00e9 solidarit\u00e9 Budapest, qui refuse de donner son nom de famille.<\/p>\n<p class=\"mb-4 text-lg md:leading-8 break-words\">En f\u00e9vrier, la justice hongroise a condamn\u00e9 \u00e0 huit ans de r\u00e9clusion Maja T., activiste non-binaire remis \u00e0 Budapest par l&rsquo;Allemagne, pour ces m\u00eames violences contre des n\u00e9onazis.<\/p>\n<p class=\"mb-4 text-lg md:leading-8 break-words\">Devant une banderole noire \u00ab\u00a0Solidarit\u00e9 avec Gino, non aux extraditions\u00a0\u00bb, plusieurs organisations et \u00e9lus sont venus d\u00e9noncer l&rsquo;extradition annonc\u00e9e, dont la d\u00e9put\u00e9e LFI Dani\u00e8le Obono, qui a t\u00e9moign\u00e9 du soutien de son parti \u00e0 \u00ab\u00a0tous les militants antifascistes victimes de la r\u00e9pression de leurs \u00c9tats\u00a0\u00bb.<\/p>\n<p class=\"mb-4 text-lg md:leading-8 break-words\">Fin septembre 2025, la Hongrie a suivi l&rsquo;exemple am\u00e9ricain en classant le mouvement \u00ab\u00a0antifa\u00a0\u00bb comme organisation \u00ab\u00a0terroriste\u00a0\u00bb.<\/p>\n<p class=\"mb-4 text-lg md:leading-8 break-words\">sha\/bfa\/abl<\/p>\n","protected":false},"excerpt":{"rendered":"Pr\u00e8s de 300 personnes se sont rassembl\u00e9es dimanche \u00e0 Paris pour demander que le militant antifasciste \u00ab\u00a0Gino\u00a0\u00bb ne&hellip;\n","protected":false},"author":2,"featured_media":1157494,"comment_status":"","ping_status":"","sticky":false,"template":"","format":"standard","meta":{"footnotes":"","_share_on_mastodon":"0"},"categories":[1587],"tags":[118630,11,672,118619,118621,118618,9869,39571,118213,118625,1804,118637,118635,118636,118632,1805,118640,1803,118620,118639,1777,674,1801,118627,118626,118641,118624,118634,2003,118617,118622,118628,118631,12,69375,118616,626,316,118629,118623,118633,1802,118615,118638],"class_list":["post-1157493","post","type-post","status-publish","format-standard","has-post-thumbnail","category-allemagne","tag-activiste-non-binaire-remis-a-budapest","tag-actualites","tag-allemagne","tag-ans-de-prison-dans-ce-pays-et-jusqua","tag-ans-en-allemagne","tag-antifasciste-gino","tag-arguments","tag-bertrand-guay","tag-bfa-abl","tag-budapest-en-fevrier-2023","tag-bundesrepublik-deutschland","tag-comite-de-soutien","tag-comite-solidarite-budapest","tag-crainte-pour-ses-droits-fondamentaux","tag-dabord-en-allemagne","tag-de","tag-denonce-gino","tag-deutschland","tag-dit-gino","tag-equitable-dans-ce-pays-de-lunion-europeenne","tag-eu","tag-europe","tag-germany","tag-gino","tag-il-encourt-une-peine-allant","tag-invoquant-des-risques","tag-lattente-stressante","tag-lfi-daniele-obono","tag-livre","tag-maja","tag-maja-t","tag-mouvement-de-chasse","tag-ne-soit-pas","tag-news","tag-nom-de-famille","tag-ordonne-mi-aout","tag-paris","tag-politique","tag-precedemment-refuse-de-le-remettre-a-la-hongrie","tag-pres-de-300-personnes-se","tag-recemment-ordonne-la","tag-republique-federale-dallemagne","tag-rexhino-abazaj","tag-transfere-en-hongrie"],"share_on_mastodon":{"url":"","error":"Validation failed: Text character limit of 500 exceeded"},"_links":{"self":[{"href":"https:\/\/www.europesays.com\/fr\/wp-json\/wp\/v2\/posts\/1157493","targetHints":{"allow":["GET"]}}],"collection":[{"href":"https:\/\/www.europesays.com\/fr\/wp-json\/wp\/v2\/posts"}],"about":[{"href":"https:\/\/www.europesays.com\/fr\/wp-json\/wp\/v2\/types\/post"}],"author":[{"embeddable":true,"href":"https:\/\/www.europesays.com\/fr\/wp-json\/wp\/v2\/users\/2"}],"replies":[{"embeddable":true,"href":"https:\/\/www.europesays.com\/fr\/wp-json\/wp\/v2\/comments?post=1157493"}],"version-history":[{"count":0,"href":"https:\/\/www.europesays.com\/fr\/wp-json\/wp\/v2\/posts\/1157493\/revisions"}],"wp:featuredmedia":[{"embeddable":true,"href":"https:\/\/www.europesays.com\/fr\/wp-json\/wp\/v2\/media\/1157494"}],"wp:attachment":[{"href":"https:\/\/www.europesays.com\/fr\/wp-json\/wp\/v2\/media?parent=1157493"}],"wp:term":[{"taxonomy":"category","embeddable":true,"href":"https:\/\/www.europesays.com\/fr\/wp-json\/wp\/v2\/categories?post=1157493"},{"taxonomy":"post_tag","embeddable":true,"href":"https:\/\/www.europesays.com\/fr\/wp-json\/wp\/v2\/tags?post=1157493"}],"curies":[{"name":"wp","href":"https:\/\/api.w.org\/{rel}","templated":true}]}}