{"id":1157499,"date":"2026-08-30T14:55:15","date_gmt":"2026-08-30T14:55:15","guid":{"rendered":"https:\/\/www.europesays.com\/fr\/1157499\/"},"modified":"2026-08-30T14:55:15","modified_gmt":"2026-08-30T14:55:15","slug":"lhommage-de-ludovic-ajorque-a-eric-roy-ligue-1-j2-brest-toulouse-2-2","status":"publish","type":"post","link":"https:\/\/www.europesays.com\/fr\/1157499\/","title":{"rendered":"L\u2019hommage de Ludovic Ajorque \u00e0 \u00c9ric Roy &#8211; Ligue 1 &#8211; J2 &#8211; Brest-Toulouse (2-2)"},"content":{"rendered":"<p>Foutue poussi\u00e8re. <strong>Brest retrouvait son antre de Francis-Le Bl\u00e9 pour la premi\u00e8re fois depuis la disparition d\u2019\u00c9ric Roy<\/strong> <a target=\"_blank\" href=\"https:\/\/www.sofoot.com\/articles\/ligue-1-lentraineur-du-stade-brestois-eric-roy-est-mort-vive-the-king\" rel=\"nofollow noopener\">le 17 juin dernier<\/a> \u00e0 l\u2019occasion de la rencontre face \u00e0 Toulouse. <a target=\"_blank\" href=\"https:\/\/www.sofoot.com\/breves\/renaud-ripart-branco-van-der-boomen-et-christ-tape-permettent-a-troyes-de-dominer-lorient-et-angers-de-battre-auxerre-match-nul-entre-brest-et-toulouse\" rel=\"nofollow noopener\">Malgr\u00e9 le match nul<\/a> arrach\u00e9 dans les derniers instants par Ludovic Ajorque (2-2) et la c\u00e9r\u00e9monie officielle d\u2019hommage pr\u00e9vue contre le Paris Saint-Germain le 13 septembre prochain, <strong>l\u2019\u00e9motion \u00e9tait d\u00e9j\u00e0 au rendez-vous<\/strong>.<\/p>\n<p><a target=\"_blank\" href=\"https:\/\/twitter.com\/SB29?ref_src=twsrc%5Etfw\" data-type=\"embed\" data-code=\"PGJsb2NrcXVvdGUgY2xhc3M9InR3aXR0ZXItdHdlZXQiIGRhdGEtbWVkaWEtbWF4LXdpZHRoPSI1NjAiPjxwIGxhbmc9ImZyIiBkaXI9Imx0ciI+TGUgPGEgaHJlZj0iaHR0cHM6Ly94LmNvbS9TQjI5P3JlZl9zcmM9dHdzcmMlNUV0ZnciPkBTQjI5PC9hPiBuZSBsw6JjaGUgcmllbiAhIPCfmoA8YnI+PGJyPkxlIGJ1dCBkdSBtYXRjaCBudWwgZXN0IHNpZ27DqSBBam9ycXVlIOKave+4jzxhIGhyZWY9Imh0dHBzOi8veC5jb20vaGFzaHRhZy9TQjI5VEZDP3NyYz1oYXNoJmFtcDtyZWZfc3JjPXR3c3JjJTVFdGZ3Ij4jU0IyOVRGQzwvYT4gPGEgaHJlZj0iaHR0cHM6Ly90LmNvL21EZ0VZZlYyeEQiPnBpYy50d2l0dGVyLmNvbS9tRGdFWWZWMnhEPC9hPjwvcD4mbWRhc2g7IEwxKyAoQGxpZ3VlMXBsdXMpIDxhIGhyZWY9Imh0dHBzOi8veC5jb20vbGlndWUxcGx1cy9zdGF0dXMvMjA5MzgwMjcwNzk4MzE1OTU3ND9yZWZfc3JjPXR3c3JjJTVFdGZ3Ij5BdWd1c3QgMjksIDIwMjY8L2E+PC9ibG9ja3F1b3RlPiA8c2NyaXB0IGFzeW5jIHNyYz0iaHR0cHM6Ly9wbGF0Zm9ybS54LmNvbS93aWRnZXRzLmpzIiBjaGFyc2V0PSJ1dGYtOCI+PC9zY3JpcHQ+\" rel=\"nofollow noopener\">Embed x.com<\/a><\/p>\n<p>\u00ab\u202fOn pense toujours \u00e0 lui\u202f\u00bb<\/p>\n<p>Outre le nouveau record d\u00e9croch\u00e9 par le natif de Saint-Joseph en inscrivant son 24e but de la t\u00eate en Ligue 1, <a target=\"_blank\" href=\"https:\/\/twitter.com\/OptaJean\/status\/2093806297611211082\" rel=\"nofollow noopener\">soit plus que n\u2019importe quel autre joueur<\/a>,<strong> Ludovic Ajorque a eu une grosse pens\u00e9e pour son ancien entra\u00eeneur<\/strong>. \u00ab\u202fC\u2019est particulier, c\u2019est vrai. C\u2019est particulier parce qu\u2019on avait l\u2019habitude, pour moi depuis deux ans, d\u2019\u00eatre avec lui et de le voir toujours sur le banc avec sa casquette\u202f\u00bb, a notamment confi\u00e9 le dernier buteur de la rencontre. \u00ab\u202fOn pense toujours \u00e0 lui, j\u2019\u00e9tais content de voir qu\u2019il y a eu une ovation pour lui \u00e0 la 58e. On pense toujours \u00e0 lui, on essaie de donner le maximum. Comme le coach Lachu l\u2019a dit : il a laiss\u00e9 un h\u00e9ritage. \u00c0 nous de poursuivre \u00e7a et de continuer son travail.\u202f\u00bb<\/p>\n<p>Nul doute que son souvenir accompagnera le Stade brestois tout au long de cette saison 2026-2027.<\/p>\n<p>\t\t\t\t\t\t\t\t\t\t<a class=\"lien-connexe\" href=\"https:\/\/www.sofoot.com\/breves\/renaud-ripart-branco-van-der-boomen-et-christ-tape-permettent-a-troyes-de-dominer-lorient-et-angers-de-battre-auxerre-match-nul-entre-brest-et-toulouse\" rel=\"nofollow noopener\" target=\"_blank\">Troyes et Angers s\u2019imposent \u00e0 l\u2019ext\u00e9rieur<\/a>\t\t\t\t\t <\/p>\n<p>\t\t\t\t\t\t\tCommentaires<br \/>\n\t\t\t\t\t\t\t\tLes membres ont post\u00e9<br \/>\n\t\t\t\t\t\t\t\t1 commentaire<br \/>\n\t\t\t\t\t\t\t\tsur cet article.<br \/>\n\t\t\t\t\t\t\t\tParticipez \u00e0 la discussion<br \/>\n\t\t\t\t\t\t\t\t\t<a href=\"http:\/\/www.sofoot.com\/compte?back=https:\/\/www.sofoot.com\/breves\/ligue-1-ludovic-ajorque-emu-en-pensant-a-eric-roy-pour-le-retour-de-brest-a-francis-le-ble-contre-toulouse\" rel=\"nofollow noopener\" target=\"_blank\"><br \/>\n\t\t\t\t\t\t\t\t\t\t<b>en vous connectant<\/b><br \/>\n\t\t\t\t\t\t\t\t\t<\/a>.<\/p>\n<p>\t\t\t\t\t\t\t\tVoir les<br \/>\n\t\t\t\t\t\t\t\t\t\t\t\t\t\t\t\tcommentaires<\/p>\n<p>\t\t\t\t\t<script async src=\"https:\/\/platform.twitter.com\/widgets.js\" charset=\"utf-8\"><\/script><\/p>\n","protected":false},"excerpt":{"rendered":"Foutue poussi\u00e8re. Brest retrouvait son antre de Francis-Le Bl\u00e9 pour la premi\u00e8re fois depuis la disparition d\u2019\u00c9ric Roy&hellip;\n","protected":false},"author":2,"featured_media":1157500,"comment_status":"","ping_status":"","sticky":false,"template":"","format":"standard","meta":{"footnotes":"","_share_on_mastodon":"0"},"categories":[2],"tags":[47,11,61,69,65,64,63,1011,27,68,66,12,62,70,25,67],"class_list":["post-1157499","post","type-post","status-publish","format-standard","has-post-thumbnail","category-actualites","tag-actualite","tag-actualites","tag-actus-football","tag-bundesliga","tag-championnats-europeens","tag-equipe-de-france","tag-football","tag-fr","tag-france","tag-ligua","tag-ligue-1","tag-news","tag-news-foot","tag-premier-league","tag-republique-francaise","tag-serie-a"],"share_on_mastodon":{"url":"https:\/\/pubeurope.com\/@fr\/117185041422175725","error":""},"_links":{"self":[{"href":"https:\/\/www.europesays.com\/fr\/wp-json\/wp\/v2\/posts\/1157499","targetHints":{"allow":["GET"]}}],"collection":[{"href":"https:\/\/www.europesays.com\/fr\/wp-json\/wp\/v2\/posts"}],"about":[{"href":"https:\/\/www.europesays.com\/fr\/wp-json\/wp\/v2\/types\/post"}],"author":[{"embeddable":true,"href":"https:\/\/www.europesays.com\/fr\/wp-json\/wp\/v2\/users\/2"}],"replies":[{"embeddable":true,"href":"https:\/\/www.europesays.com\/fr\/wp-json\/wp\/v2\/comments?post=1157499"}],"version-history":[{"count":0,"href":"https:\/\/www.europesays.com\/fr\/wp-json\/wp\/v2\/posts\/1157499\/revisions"}],"wp:featuredmedia":[{"embeddable":true,"href":"https:\/\/www.europesays.com\/fr\/wp-json\/wp\/v2\/media\/1157500"}],"wp:attachment":[{"href":"https:\/\/www.europesays.com\/fr\/wp-json\/wp\/v2\/media?parent=1157499"}],"wp:term":[{"taxonomy":"category","embeddable":true,"href":"https:\/\/www.europesays.com\/fr\/wp-json\/wp\/v2\/categories?post=1157499"},{"taxonomy":"post_tag","embeddable":true,"href":"https:\/\/www.europesays.com\/fr\/wp-json\/wp\/v2\/tags?post=1157499"}],"curies":[{"name":"wp","href":"https:\/\/api.w.org\/{rel}","templated":true}]}}