{"id":1157513,"date":"2026-08-30T15:07:12","date_gmt":"2026-08-30T15:07:12","guid":{"rendered":"https:\/\/www.europesays.com\/fr\/1157513\/"},"modified":"2026-08-30T15:07:12","modified_gmt":"2026-08-30T15:07:12","slug":"vos-questions-sont-celles-du-vieux-monde-debuts-chahutes-pour-benjamin-duhamel-a-la-tete-de-franc-jeu","status":"publish","type":"post","link":"https:\/\/www.europesays.com\/fr\/1157513\/","title":{"rendered":"\u00abVos questions sont celles du vieux monde\u00bb : d\u00e9buts chahut\u00e9s pour Benjamin Duhamel \u00e0 la t\u00eate de \u00abFranc-Jeu\u00bb"},"content":{"rendered":"<p>\n    <strong>ON A VU POUR VOUS &#8211;<\/strong> Le journaliste inaugurait la nouvelle \u00e9mission politique de France 2 et de France Inter et a essuy\u00e9 les pl\u00e2tres face \u00e0 un Rapha\u00ebl Glucksmann agac\u00e9.<\/p>\n<p class=\"fig-paragraph\">La copie reste \u00e0 affiner. On a beau se pr\u00e9parer, r\u00e9p\u00e9ter, lancer une nouvelle \u00e9mission, c\u2019est forc\u00e9ment essuyer les pl\u00e2tres. C\u2019est ce qu\u2019a fait<a href=\"https:\/\/www.lefigaro.fr\/tag\/benjamin-duhamel-personne\" data-fig-type=\"Keyword\" data-gtm-custom-categorie=\"navigation\" data-gtm-custom-action=\"crossclick\" data-gtm-custom-label=\"Contextuel\" data-gtm-event=\"customEventSPE\" data-fig-domain=\"LEFIGARO\" rel=\"nofollow noopener\" target=\"_blank\">\u00a0Benjamin Duhamel<\/a>, dimanche \u00e0 13h20, en pr\u00e9sentant le premier num\u00e9ro de la nouvelle \u00e9mission politique de France 2 et France Inter, \u00abFranc-jeu\u00bb. Au Parisien, le journaliste expliquait \u00abne pas vouloir r\u00e9inventer le genre mais vouloir apporter sa patte, sa personnalit\u00e9, sa mani\u00e8re de conduite les interviews\u00bb. Son invit\u00e9 inaugural, le candidat \u00e0 la primaire socialiste pour la pr\u00e9sidentielle\u00a0<a href=\"https:\/\/www.lefigaro.fr\/tag\/raphael-glucksmann-personne\" data-fig-type=\"Keyword\" data-gtm-custom-categorie=\"navigation\" data-gtm-custom-action=\"crossclick\" data-gtm-custom-label=\"Contextuel\" data-gtm-event=\"customEventSPE\" data-fig-domain=\"LEFIGARO\" rel=\"nofollow noopener\" target=\"_blank\">Rapha\u00ebl Glucksmann<\/a>, \u00e9tait pr\u00e9venu.<\/p>\n<p class=\"fig-paragraph\">La marque de fabrique de Benjamin Duhamel, la pugnacit\u00e9, \u00e9tait \u00e9vidente d\u2019entr\u00e9e jeu. Celui qui a rejoint la matinale de France Inter \u00e9tait aid\u00e9 en cela par l\u2019actualit\u00e9 puisque le premier secr\u00e9taire du Parti socialiste, Olivier Faure, venait d\u2019annoncer sa candidature \u00e0 la primaire. \u00ab\u00c7a va \u00eatre bien ce congr\u00e8s du Parti socialiste, la machine \u00e0 perdre est enclench\u00e9e\u00bb, lance Benjamin Duhamel. Cette premi\u00e8re question a imm\u00e9diatement plac\u00e9 Rapha\u00ebl Glucksmann sur la d\u00e9fensive.<\/p>\n<p>                                                <a class=\"fig-a11y-skip\" href=\"#fig-a11y-skip-main-inarticle\" is=\"fig-a11y-skip\" data-trigger-mode=\"visible-once\"><br \/>\n    Passer la publicit\u00e9<br \/>\n<\/a>            <\/p>\n<p>                                                \u00c9changes inaudibles<\/p>\n<p class=\"fig-paragraph\">Difficile de savoir qui du pr\u00e9sentateur ou de l\u2019invit\u00e9 \u00e9taient le plus nerveux. Benjamin Duhamel n\u2019a eu de cesse de couper la parole \u00e0 Rapha\u00ebl Glucksmann, de le relancer sans lui laisser terminer sa phrase. Un tel rythme, associ\u00e9 au d\u00e9bit bien trop rapide de Benjamin Duhamel, n\u2019a pas aid\u00e9 \u00e0 la structuration, ni \u00e0 la compr\u00e9hension de leurs \u00e9changes souvent inaudibles. Cette cacophonie a beaucoup agac\u00e9 sur les r\u00e9seaux sociaux.<\/p>\n<p class=\"fig-paragraph\">Et cela n\u2019a m\u00eame pas emp\u00each\u00e9 l\u2019\u00e9mission de prendre du retard. Benjamin Duhamel semblait courir derri\u00e8re son conducteur. Presser de passer d\u2019un th\u00e8me \u00e0 l\u2019autre. Cela \u00e9tait manifeste quand il a interrog\u00e9 Raphael Glucksmann sur ses r\u00e9formes sur l\u2019\u00e9cole et la r\u00e9mun\u00e9ration des enseignants.<\/p>\n<p class=\"fig-paragraph\">Benjamin Duhamel a aussi voulu prendre en d\u00e9faut son interlocuteur sur ses \u00abcoups de communication\u00bb. Notamment le premier d\u00e9placement de campagne de Rapha\u00ebl Glucksmann, qui a visit\u00e9 un champ d\u2019\u00e9olienne. Agac\u00e9, le d\u00e9put\u00e9 europ\u00e9en a r\u00e9pliqu\u00e9\u00a0: \u00abVos questions sont celles du vieux monde. Je suis d\u00e9sol\u00e9 de vous le dire. Ce sont des questions d\u2019arguments, c\u2019est un monde r\u00e9gl\u00e9 par des \u00e9l\u00e9ments de communication, o\u00f9 on saute sur le moindre \u00e9l\u00e9ment de spontan\u00e9it\u00e9\u00bb.<\/p>\n<p>                                                La derni\u00e8re question pour buzzer<\/p>\n<p class=\"fig-paragraph\">Cette impression de chercher le buzz et la petite b\u00eate rappelle le format pratiqu\u00e9 sur France Info, avec plus ou moins de succ\u00e8s et de dignit\u00e9 par Agathe Lambret (compagne de Benjamin Duhamel) et\u00a0<a href=\"http:\/\/tvmag.lefigaro.fr\/programme-tv\/actu-tele\/thomas-sotto-emilie-tran-nguyen-paul-larrouturou-que-vont-devenir-les-naufrages-du-paf-a-la-rentree-20260804\" data-fig-type=\"Article\" data-gtm-custom-categorie=\"navigation\" data-gtm-custom-action=\"crossclick\" data-gtm-custom-label=\"Contextuel\" data-gtm-event=\"customEventSPE\" data-fig-domain=\"TVMAG\" rel=\"nofollow noopener\" target=\"_blank\">Paul Larrouturou.<\/a>\u00a0Ce sentiment de d\u00e9j\u00e0-vu s\u2019est confirm\u00e9 avec l\u2019ultime question, qui a cl\u00f4tur\u00e9 ce grand entretien de 40 minutes. Sans surprise un peu racoleuse et glamour, elle concernait la compagne de Rapha\u00ebl Glucksmann,\u00a0<a href=\"https:\/\/www.lefigaro.fr\/tag\/lea-salame-personne\" data-fig-type=\"Keyword\" data-gtm-custom-categorie=\"navigation\" data-gtm-custom-action=\"crossclick\" data-gtm-custom-label=\"Contextuel\" data-gtm-event=\"customEventSPE\" data-fig-domain=\"LEFIGARO\" rel=\"nofollow noopener\" target=\"_blank\">L\u00e9a Salam\u00e9,<\/a>\u00a0qui a annonc\u00e9 son retrait du JT de France 2.<\/p>\n<p class=\"fig-paragraph\">\u00abJe voudrais, puisque c\u2019est la tradition, vous poser une derni\u00e8re question, \u00e7a s\u2019appelle la question Franc-jeu\u00bb, se lance Benjamin Duhamel, \u00abIl s\u2019av\u00e8re qu\u2019on est sur le plateau du 20h de France 2, qu\u2019occupait, il y a encore quelques semaines, votre compagne L\u00e9a Salam\u00e9. Elle s\u2019est mise en retrait du fait de votre candidature. Pourquoi ne pas avoir fait l\u2019inverse\u00a0? Pourquoi ne pas avoir d\u00e9cid\u00e9 de renoncer \u00e0 votre ambition pour qu\u2019elle puisse continuer \u00e0 pr\u00e9senter le 20h?\u00bb.<\/p>\n<p>                                                <a class=\"fig-a11y-skip\" href=\"#fig-a11y-skip-main-inarticle_mtf\" is=\"fig-a11y-skip\" data-trigger-mode=\"visible-once\"><br \/>\n    Passer la publicit\u00e9<br \/>\n<\/a>            <\/p>\n<p class=\"fig-paragraph\">\u00abOn a \u00e9videmment beaucoup \u00e9chang\u00e9 sur la question, comme dans tous les couples d\u2019ailleurs qui seraient confront\u00e9s \u00e0 ce type de situation.\u00bb, assure Rapha\u00ebl Glucksmann. Et d\u2019insister\u00a0: \u00abJe sais l\u2019impact qu\u2019avait ma d\u00e9cision sur sa vie, sur sa carri\u00e8re. Je sais son attachement visc\u00e9ral \u00e0 son m\u00e9tier, sa passion pour le journalisme, son ind\u00e9pendance et sa libert\u00e9\u00bb. En d\u00e9pit du g\u00e9n\u00e9rique de l\u2019\u00e9mission qui se faisait entendre, le d\u00e9put\u00e9 europ\u00e9en a poursuivi avec vigueur. \u00abJe ne pourrai me regarder une seule fois dans le miroir si j\u2019\u00e9tais incapable d\u2019agir maintenant, quand mon pays menace de basculer dans le camp des Trumpistes, des Poutinistes, des d\u00e9magogues, des x\u00e9nophobes, et que j\u2019ai l\u2019opportunit\u00e9 de porter la gauche d\u00e9mocratique\u00bb, a-t-il plaid\u00e9. Ce seront peut-\u00eatre les paroles et la prise de position que retiendront le plus facilement les auditeurs et les spectateurs. Dommage&#8230;<\/p>\n","protected":false},"excerpt":{"rendered":"ON A VU POUR VOUS &#8211; Le journaliste inaugurait la nouvelle \u00e9mission politique de France 2 et de&hellip;\n","protected":false},"author":2,"featured_media":1157514,"comment_status":"","ping_status":"","sticky":false,"template":"","format":"standard","meta":{"footnotes":"","_share_on_mastodon":"0"},"categories":[1359],"tags":[27439,58,59,1011,27,9102,594,973,15923],"class_list":["post-1157513","post","type-post","status-publish","format-standard","has-post-thumbnail","category-people","tag-benjamin-duhamel","tag-divertissement","tag-entertainment","tag-fr","tag-france","tag-france-inter","tag-france-2","tag-people","tag-raphael-glucksmann"],"share_on_mastodon":{"url":"https:\/\/pubeurope.com\/@fr\/117185088543977531","error":""},"_links":{"self":[{"href":"https:\/\/www.europesays.com\/fr\/wp-json\/wp\/v2\/posts\/1157513","targetHints":{"allow":["GET"]}}],"collection":[{"href":"https:\/\/www.europesays.com\/fr\/wp-json\/wp\/v2\/posts"}],"about":[{"href":"https:\/\/www.europesays.com\/fr\/wp-json\/wp\/v2\/types\/post"}],"author":[{"embeddable":true,"href":"https:\/\/www.europesays.com\/fr\/wp-json\/wp\/v2\/users\/2"}],"replies":[{"embeddable":true,"href":"https:\/\/www.europesays.com\/fr\/wp-json\/wp\/v2\/comments?post=1157513"}],"version-history":[{"count":0,"href":"https:\/\/www.europesays.com\/fr\/wp-json\/wp\/v2\/posts\/1157513\/revisions"}],"wp:featuredmedia":[{"embeddable":true,"href":"https:\/\/www.europesays.com\/fr\/wp-json\/wp\/v2\/media\/1157514"}],"wp:attachment":[{"href":"https:\/\/www.europesays.com\/fr\/wp-json\/wp\/v2\/media?parent=1157513"}],"wp:term":[{"taxonomy":"category","embeddable":true,"href":"https:\/\/www.europesays.com\/fr\/wp-json\/wp\/v2\/categories?post=1157513"},{"taxonomy":"post_tag","embeddable":true,"href":"https:\/\/www.europesays.com\/fr\/wp-json\/wp\/v2\/tags?post=1157513"}],"curies":[{"name":"wp","href":"https:\/\/api.w.org\/{rel}","templated":true}]}}