{"id":1157533,"date":"2026-08-30T15:19:23","date_gmt":"2026-08-30T15:19:23","guid":{"rendered":"https:\/\/www.europesays.com\/fr\/1157533\/"},"modified":"2026-08-30T15:19:23","modified_gmt":"2026-08-30T15:19:23","slug":"la-photo-de-la-semaine-plongez-dans-les-plus-belles-images-sous-marines-de-lannee","status":"publish","type":"post","link":"https:\/\/www.europesays.com\/fr\/1157533\/","title":{"rendered":"La photo de la semaine : plongez dans les plus belles images sous-marines de l\u2019ann\u00e9e"},"content":{"rendered":"<p>Avant que l&rsquo;\u00e9t\u00e9 ne tire d\u00e9finitivement sa r\u00e9v\u00e9rence, que diriez-vous <a href=\"https:\/\/www.futura-sciences.com\/planete\/actualites\/concours-photos-plongez-plus-belles-photos-sous-marines-annee-65896\/\" title=\"Plongez dans les plus belles photos sous-marines de l&#039;ann\u00e9e\" rel=\"nofollow noopener\" target=\"_blank\">plonger<\/a> une derni\u00e8re fois\u2009?<\/p>\n<p>\n            <img decoding=\"async\" data-imgid=\"sm\" src=\"https:\/\/www.europesays.com\/fr\/wp-content\/uploads\/2026\/08\/dangers-baignade-riviere.png\" width=\"320\" height=\"320\" alt=\"Vous vous baignez en rivi\u00e8re pendant la canicule ? Attention \u00e0 ces dangers invisibles. \u00a9\u00a0AscentXmedia, iStock\" loading=\"lazy\"\/><br \/>\n        <a href=\"https:\/\/www.futura-sciences.com\/planete\/questions-reponses\/canicule-canicule-baigner-riviere-lac-peut-etre-plus-dangereux-vous-ne-pensez-k2m6-t9k0-25949\/\" class=\"article-link article-title\" target=\"_blank\" rel=\"nofollow noopener\">Canicule : pourquoi se baigner en rivi\u00e8re ou dans un lac peut \u00eatre plus dangereux que vous ne le pensez<\/a><\/p>\n<p class=\"article-synopsis\">\n        409 noyades mortelles en France entre juin et septembre 2025, soit une hausse de 14 % par rapport \u00e0 2024. Les rivi\u00e8res et plans d&rsquo;eau sauvages concentrent une part alarmante de ces drames. Et chaque \u00e9t\u00e9, la canicule pousse davantage de baigneurs vers des sites non surveill\u00e9s. Conna\u00eetre les pi\u00e8ges r\u00e9els de ces eaux peut, litt\u00e9ralement, sauver une vie&#8230;. Lire la suite\n    <\/p>\n<\/p>\n<p>Les finalistes du concours \u00ab\u2009Ocean Photographer of the Year 2026\u2009\u00bb viennent d&rsquo;\u00eatre officiellement d\u00e9voil\u00e9s. Alors, on se jette \u00e0 l&rsquo;eau\u2009!<\/p>\n<p>Vous \u00eates h\u00e9sitant comme semblent l&rsquo;\u00eatre ces onze petits <a href=\"https:\/\/www.futura-sciences.com\/planete\/questions-reponses\/poisson-si-tout-ce-vous-pensiez-savoir-poissons-etait-faux-chercheurs-bousculent-idees-recues-k2m6-25808\/\" title=\"Et si tout ce que vous pensiez savoir sur les poissons \u00e9tait faux ? Les chercheurs bousculent les id\u00e9es re\u00e7ues\" rel=\"nofollow noopener\" target=\"_blank\">poissons<\/a> color\u00e9s, probablement des lompes\u2009? Peut-\u00eatre que vous vous laisserez convaincre par ce qui fait l&rsquo;originalit\u00e9 de cette photo finaliste\u00a0: le nombre de ces poissons r\u00e9unis dans les eaux de Seattle (\u00c9tats-Unis) et leurs <a href=\"https:\/\/www.futura-sciences.com\/sciences\/definitions\/physique-couleur-4126\/\" rel=\"nofollow noopener\" target=\"_blank\">couleurs<\/a> vari\u00e9es.<\/p>\n<p class=\"fs-media\">\n<p><img decoding=\"async\" data-imgid=\"full\" src=\"https:\/\/www.europesays.com\/fr\/wp-content\/uploads\/2026\/08\/poissons-seattle-ariel-gliboff.jpg\" width=\"1080\" height=\"1620\" alt=\"\" loading=\"lazy\"\/><br \/>\nLa photographe met ici en lumi\u00e8re la beaut\u00e9 insoup\u00e7onn\u00e9e d\u2019esp\u00e8ces pourtant famili\u00e8res. \u00a9 Ariel Mei Gliboff, Ocean Photographer of the Year 2026<\/p>\n<p>Quand la photo d\u00e9voile les secrets de la science<\/p>\n<p>Parmi les finalistes du concours \u00ab\u2009Ocean Photographer of the Year 2026\u2009\u00bb, il y a tellement de clich\u00e9s \u00e9poustouflants qu&rsquo;il est difficile de choisir lequel pr\u00e9senter comme photo de la semaine.<\/p>\n<p>\n            <img decoding=\"async\" data-imgid=\"sm\" src=\"https:\/\/www.europesays.com\/fr\/wp-content\/uploads\/2026\/08\/photo-ocean-of-the-year.jpg\" width=\"320\" height=\"320\" alt=\"Pour Futura, la photo de cette derni\u00e8re semaine de septembre 2025, la premi\u00e8re d\u2019une sans doute longue s\u00e9rie, sera celle avec laquelle le Fran\u00e7ais Hugo Bret a remport\u00e9 le titre de Ocean Photographer of the Year\u00a02025 dans la cat\u00e9gorie \u00ab\u2009Conservation (Impact)\u2009\u00bb. \u00a9 Hugo Bret, Ocean Photographer of the Year\" loading=\"lazy\"\/><br \/>\n        <a href=\"https:\/\/www.futura-sciences.com\/planete\/breves\/dauphin-pilote-photo-semaine-photographe-francais-capture-instant-chasseurs-grindadrap-voulaient-cacher-10807\/\" class=\"article-link article-title\" target=\"_blank\" rel=\"nofollow noopener\">La photo de la semaine : un photographe fran\u00e7ais capture l\u2019instant que les chasseurs du Grindadr\u00e1p voulaient cacher !<\/a><\/p>\n<p>Cet instant o\u00f9 un <a href=\"https:\/\/www.futura-sciences.com\/planete\/actualites\/zoologie-requins-marteaux-accueillent-nouvelle-espece-50133\/\" title=\"Les requins-marteaux accueillent une nouvelle esp\u00e8ce\" rel=\"nofollow noopener\" target=\"_blank\">requin-marteau<\/a>, immortalis\u00e9 \u00e0 55\u00a0m\u00e8tres de profondeur dans la passe de Tiputa, sur l&rsquo;atoll de Rangiroa (Polyn\u00e9sie fran\u00e7aise), sort de l&rsquo;anonymat pour devenir un individu identifi\u00e9. Gr\u00e2ce \u00e0 la photo-identification et \u00e0 la photogramm\u00e9trie vid\u00e9o \u00e9talonn\u00e9e au <a href=\"https:\/\/www.futura-sciences.com\/sciences\/definitions\/physique-laser-1989\/\" rel=\"nofollow noopener\" target=\"_blank\">laser<\/a>, les scientifiques peuvent suivre les requins au fil du temps et d\u00e9terminer leur sexe, mesurer leur taille et analyser les tendances d\u00e9mographiques.<\/p>\n<p class=\"fs-media\">\n<p><img decoding=\"async\" data-imgid=\"full\" src=\"https:\/\/www.europesays.com\/fr\/wp-content\/uploads\/2026\/08\/requin-thomas-pavy.jpg\" width=\"1080\" height=\"1620\" alt=\"\" loading=\"lazy\"\/><br \/>\nCette photo surr\u00e9aliste d\u2019un photographe fran\u00e7ais remportera-t-elle le grand prix de l\u2019\u00ab\u2009Ocean Photographer of the Year 2026\u2009\u00bb\u2009? \u00a9 Thomas Pavy, Ocean Photographer of the Year 2026<\/p>\n<p>Finalement, allons explorer une cat\u00e9gorie qui fait son apparition au concours 2026\u00a0: \u00ab\u2009L&rsquo;oc\u00e9an invisible\u00a0: mondes cach\u00e9s\u2009\u00bb<\/p>\n<p>Douze clich\u00e9s extraordinaires. Mais ma pr\u00e9f\u00e9rence d\u00e9finitivement ira \u00e0 cette petite chose aux reflets bleus \u00e9lectrique.<\/p>\n<p>Regardez bien. Vous reconna\u00eetrez la forme&#8230; d&rsquo;une\u00a0<a href=\"https:\/\/www.futura-sciences.com\/planete\/questions-reponses\/pieuvre-pieuvre-trois-coeurs-neuf-cerveaux-vrai-faux-20643\/\" title=\"La pieuvre a trois c\u0153urs et neuf cerveaux, vrai ou faux ?\" rel=\"nofollow noopener\" target=\"_blank\">pieuvre<\/a>, une pieuvre\u00a0\u00e0 anneaux bleus.<\/p>\n<p class=\"fs-media\">\n<p><img decoding=\"async\" data-imgid=\"full\" src=\"https:\/\/www.europesays.com\/fr\/wp-content\/uploads\/2026\/08\/pieuvre-anneaux-bleus-bing-lin.jpg\" width=\"1080\" height=\"1620\" alt=\"\" loading=\"lazy\"\/><br \/>\nCaptur\u00e9e \u00e0 l\u2019aide d\u2019un objectif macro, l\u2019image r\u00e9v\u00e8le des d\u00e9tails qui \u00e9chappent souvent au regard dans le paysage sous-marin. \u00a9 Bing Lin, Ocean Photographer of the Year 2026<\/p>\n<p>Et si le plus spectaculaire se cachait dans l\u2019invisible\u2009?<\/p>\n<p>Elle est plus petite qu&rsquo;une balle de golf. Celle que d\u00e9voile cette photo navigue le long de la cr\u00eate d&rsquo;un r\u00e9cif pr\u00e8s de l&rsquo;\u00eele de Malapascua, aux Philippines.<\/p>\n<p>\n            <img decoding=\"async\" data-imgid=\"sm\" src=\"https:\/\/www.europesays.com\/fr\/wp-content\/uploads\/2026\/08\/pieuvre-pacifique - copie.jpg\" width=\"320\" height=\"320\" alt=\"Observ\u00e9e \u00e0 pr\u00e8s de 5 000 m\u00e8tres de profondeur au large des \u00eeles Cook, cette pieuvre des abysses a \u00e9t\u00e9 film\u00e9e par l\u2019\u00e9quipe de l\u2019Ocean Exploration Trust \u00e0 bord du navire E\/V Nautilus, lors d\u2019une mission d\u2019exploration des fonds du Pacifique Sud. \u00a9\u00a0Ocean Exploration Trust, NOAA, DeepSea\" loading=\"lazy\"\/><br \/>\n        <a href=\"https:\/\/www.futura-sciences.com\/planete\/actualites\/abysses-pieuvre-grace-surnaturelle-surgit-profondeurs-video-voir-absolument-126808\/\" class=\"article-link article-title\" target=\"_blank\" rel=\"nofollow noopener\">Une pieuvre d\u2019une gr\u00e2ce surnaturelle surgit des profondeurs : la vid\u00e9o est \u00e0 voir absolument<\/a><\/p>\n<p class=\"article-synopsis\">\n        Dans les profondeurs du Pacifique Sud, l\u00e0 o\u00f9 r\u00e8gnent le froid, la pression et l\u2019obscurit\u00e9, une \u00e9trange silhouette est apparue face aux cam\u00e9ras d\u2019un sous-marin. Gracieuse, translucide, presque irr\u00e9elle, une pieuvre abyssale qui semble danser entre les t\u00e9n\u00e8bres&#8230;. Lire la suite\n    <\/p>\n<\/p>\n<p>La pieuvre \u00e0 anneaux bleus\u00a0est une esp\u00e8ce <a href=\"https:\/\/www.futura-sciences.com\/planete\/definitions\/zoologie-nocturne-6741\/\" rel=\"nofollow noopener\" target=\"_blank\">nocturne<\/a> et extr\u00eamement discr\u00e8te. Il est rare de la voir chasser \u00e0 d\u00e9couvert comme ici. Gr\u00e2ce \u00e0 son camouflage complexe, ce minuscule pr\u00e9dateur se fond dans le d\u00e9cor r\u00e9cifal tout en cherchant des proies parmi les rochers et le <a href=\"https:\/\/www.futura-sciences.com\/planete\/definitions\/animaux-corail-15718\/\" rel=\"nofollow noopener\" target=\"_blank\">corail<\/a>.<\/p>\n<p>Et vous, \u00e0 qui d\u00e9cerneriez-vous le grand prix de l&rsquo;\u00ab\u202fOcean Photographer of the Year 2026\u202f\u00bb\u2009?<\/p>\n<p>Tous les finalistes sont \u00e0 d\u00e9couvrir <a href=\"https:\/\/oceanographicmagazine.com\/winners-gallery\/\" title=\"Ocean Photographer of the Year \u2013 Winners Gallery\" rel=\"nofollow noopener\" target=\"_blank\">ici<\/a>. Les laur\u00e9ats, eux, seront annonc\u00e9s en septembre.<\/p>\n","protected":false},"excerpt":{"rendered":"Avant que l&rsquo;\u00e9t\u00e9 ne tire d\u00e9finitivement sa r\u00e9v\u00e9rence, que diriez-vous plonger une derni\u00e8re fois\u2009? Canicule : pourquoi se&hellip;\n","protected":false},"author":2,"featured_media":1157534,"comment_status":"","ping_status":"","sticky":false,"template":"","format":"standard","meta":{"footnotes":"","_share_on_mastodon":"0"},"categories":[5],"tags":[11,1130,1011,27,14,12,12517,118650,1333,118651,41,28],"class_list":["post-1157533","post","type-post","status-publish","format-standard","has-post-thumbnail","category-international","tag-actualites","tag-biodiversite","tag-fr","tag-france","tag-international","tag-news","tag-ocean","tag-ocean-photographer-of-the-year","tag-philippines","tag-pieuvre-a-anneaux-bleus","tag-sciences","tag-world"],"share_on_mastodon":{"url":"https:\/\/pubeurope.com\/@fr\/117185138294014550","error":""},"_links":{"self":[{"href":"https:\/\/www.europesays.com\/fr\/wp-json\/wp\/v2\/posts\/1157533","targetHints":{"allow":["GET"]}}],"collection":[{"href":"https:\/\/www.europesays.com\/fr\/wp-json\/wp\/v2\/posts"}],"about":[{"href":"https:\/\/www.europesays.com\/fr\/wp-json\/wp\/v2\/types\/post"}],"author":[{"embeddable":true,"href":"https:\/\/www.europesays.com\/fr\/wp-json\/wp\/v2\/users\/2"}],"replies":[{"embeddable":true,"href":"https:\/\/www.europesays.com\/fr\/wp-json\/wp\/v2\/comments?post=1157533"}],"version-history":[{"count":0,"href":"https:\/\/www.europesays.com\/fr\/wp-json\/wp\/v2\/posts\/1157533\/revisions"}],"wp:featuredmedia":[{"embeddable":true,"href":"https:\/\/www.europesays.com\/fr\/wp-json\/wp\/v2\/media\/1157534"}],"wp:attachment":[{"href":"https:\/\/www.europesays.com\/fr\/wp-json\/wp\/v2\/media?parent=1157533"}],"wp:term":[{"taxonomy":"category","embeddable":true,"href":"https:\/\/www.europesays.com\/fr\/wp-json\/wp\/v2\/categories?post=1157533"},{"taxonomy":"post_tag","embeddable":true,"href":"https:\/\/www.europesays.com\/fr\/wp-json\/wp\/v2\/tags?post=1157533"}],"curies":[{"name":"wp","href":"https:\/\/api.w.org\/{rel}","templated":true}]}}