{"id":1157551,"date":"2026-08-30T15:29:21","date_gmt":"2026-08-30T15:29:21","guid":{"rendered":"https:\/\/www.europesays.com\/fr\/1157551\/"},"modified":"2026-08-30T15:29:21","modified_gmt":"2026-08-30T15:29:21","slug":"debut-de-noyade-a-proximite-de-montpellier-une-femme-de-69-ans-evacuee-par-helicoptere","status":"publish","type":"post","link":"https:\/\/www.europesays.com\/fr\/1157551\/","title":{"rendered":"D\u00e9but de noyade \u00e0 proximit\u00e9 de Montpellier\u00a0: une femme de 69 ans \u00e9vacu\u00e9e par h\u00e9licopt\u00e8re"},"content":{"rendered":"<p>\n                                                                Une retrait\u00e9e a \u00e9t\u00e9 victime d\u2019un d\u00e9but de noyade sur la plage du Prevost, \u00e0 Villeneuve-l\u00e8s-Maguelone. Elle a pu \u00eatre prise en charge rapidement.\n                            <\/p>\n<p>Les sapeurs-pompiers de l\u2019H\u00e9rault sont intervenus\u00a0sur la plage de Villeneuve-l\u00e8s-Maguelone, ce dimanche 30\u00a0ao\u00fbt, en d\u00e9but d\u2019apr\u00e8s-midi.<\/p>\n<p>Ils ont \u00e9t\u00e9 appel\u00e9s au niveau du poste de secours Prevost pour un d\u00e9but de noyade.<\/p>\n<p>Une femme \u00e2g\u00e9e de\u00a069 ans avait inhal\u00e9 de l\u2019eau mais \u00e9tait consciente.<\/p>\n<p>Sauveteurs et pompiers sur place<\/p>\n<p>Elle a \u00e9t\u00e9\u00a0prise en charge\u00a0par les sauveteurs du poste de secours et les pompiers\u00a0de Palavas-les-Flots.<\/p>\n<p>Elle a \u00e9t\u00e9 \u00e9vacu\u00e9e gr\u00e2ce \u00e0 l\u2019h\u00e9licopt\u00e8re du Samu, car le\u00a0Dragon 34 de la S\u00e9curit\u00e9 civile \u00e9tait retenu par une\u00a0intervention dans le Gard.<\/p>\n","protected":false},"excerpt":{"rendered":"Une retrait\u00e9e a \u00e9t\u00e9 victime d\u2019un d\u00e9but de noyade sur la plage du Prevost, \u00e0 Villeneuve-l\u00e8s-Maguelone. Elle a&hellip;\n","protected":false},"author":2,"featured_media":1157552,"comment_status":"","ping_status":"","sticky":false,"template":"","format":"standard","meta":{"footnotes":"","_share_on_mastodon":"0"},"categories":[9599],"tags":[1111,11,1777,674,118,1011,27,7089,2208,12,2680,25,69467],"class_list":["post-1157551","post","type-post","status-publish","format-standard","has-post-thumbnail","category-montpellier","tag-actu","tag-actualites","tag-eu","tag-europe","tag-faits-divers","tag-fr","tag-france","tag-herault","tag-montpellier","tag-news","tag-occitanie","tag-republique-francaise","tag-villeneuvelesmaguelone"],"share_on_mastodon":{"url":"https:\/\/pubeurope.com\/@fr\/117185175125613674","error":""},"_links":{"self":[{"href":"https:\/\/www.europesays.com\/fr\/wp-json\/wp\/v2\/posts\/1157551","targetHints":{"allow":["GET"]}}],"collection":[{"href":"https:\/\/www.europesays.com\/fr\/wp-json\/wp\/v2\/posts"}],"about":[{"href":"https:\/\/www.europesays.com\/fr\/wp-json\/wp\/v2\/types\/post"}],"author":[{"embeddable":true,"href":"https:\/\/www.europesays.com\/fr\/wp-json\/wp\/v2\/users\/2"}],"replies":[{"embeddable":true,"href":"https:\/\/www.europesays.com\/fr\/wp-json\/wp\/v2\/comments?post=1157551"}],"version-history":[{"count":0,"href":"https:\/\/www.europesays.com\/fr\/wp-json\/wp\/v2\/posts\/1157551\/revisions"}],"wp:featuredmedia":[{"embeddable":true,"href":"https:\/\/www.europesays.com\/fr\/wp-json\/wp\/v2\/media\/1157552"}],"wp:attachment":[{"href":"https:\/\/www.europesays.com\/fr\/wp-json\/wp\/v2\/media?parent=1157551"}],"wp:term":[{"taxonomy":"category","embeddable":true,"href":"https:\/\/www.europesays.com\/fr\/wp-json\/wp\/v2\/categories?post=1157551"},{"taxonomy":"post_tag","embeddable":true,"href":"https:\/\/www.europesays.com\/fr\/wp-json\/wp\/v2\/tags?post=1157551"}],"curies":[{"name":"wp","href":"https:\/\/api.w.org\/{rel}","templated":true}]}}