{"id":1157555,"date":"2026-08-30T15:31:16","date_gmt":"2026-08-30T15:31:16","guid":{"rendered":"https:\/\/www.europesays.com\/fr\/1157555\/"},"modified":"2026-08-30T15:31:16","modified_gmt":"2026-08-30T15:31:16","slug":"orages-feu-dans-une-residence-et-des-millions-pour-les-bus-voici-les-dix-infos-de-la-semaine-a-rouen","status":"publish","type":"post","link":"https:\/\/www.europesays.com\/fr\/1157555\/","title":{"rendered":"Orages, feu dans une r\u00e9sidence et des millions pour les bus : voici les dix infos de la semaine \u00e0 Rouen"},"content":{"rendered":"<p>                    Par<br \/>\n        <strong><br \/>\n            <a href=\"https:\/\/actu.fr\/auteur\/eaube\" title=\"Consulter tous les articles de Elo\u00efse Aub\u00e9\" rel=\"nofollow noopener\" target=\"_blank\">Elo\u00efse Aub\u00e9<\/a><br \/>\n                    <\/strong><\/p>\n<p>        Publi\u00e9 le<\/p>\n<p>            30 ao\u00fbt 2026 \u00e0 17h13        <\/p>\n<p>Dernier week-end avant la rentr\u00e9e scolaire. L\u2019occasion de se replonger dans <strong>les actualit\u00e9s qui ont marqu\u00e9 la semaine \u00e0 Rouen<\/strong> (Seine-Maritime) avant de remettre son nez dans les cahiers et bouquins.<\/p>\n<p class=\" wall-content\">Voici donc ce qu\u2019il s\u2019est pass\u00e9 entre le 24 et le 30\u00a0ao\u00fbt 2026 dans la ville aux cent clochers.<\/p>\n<p>Les infos de la semaine \u00e0 Rouen<\/p>\n<p class=\"expresso-item wall-content\"><a title=\"Lire l&#039;article\" href=\"https:\/\/actu.fr\/normandie\/rouen_76540\/ces-bus-ont-coute-12-millions-d-euros-et-ne-roulent-quasiment-pas-a-rouen-du-gaspillage-d-argent-public_64691118.html\" rel=\"nofollow noopener\" target=\"_blank\"><strong>Ces bus ont co\u00fbt\u00e9 12\u00a0millions d\u2019euros et ne roulent quasiment pas \u00e0 Rouen\u2009: \u00ab\u2009du gaspillage d\u2019argent public\u2009\u00bb\u2009?<\/strong><\/a><br \/>La M\u00e9tropole de Rouen a investi des millions pour des bus \u00e0 hydrog\u00e8ne. Pourtant, ces v\u00e9hicules ne roulent quasiment pas depuis des mois. Pourquoi donc\u2009?<\/p>\n<p class=\"expresso-item wall-content\"><a title=\"Lire l&#039;article\" href=\"https:\/\/actu.fr\/normandie\/rouen_76540\/patrick-bruel-au-zenith-de-rouen-pour-les-elus-il-n-est-pas-le-bienvenu-mais-peuvent-ils-interdire-le-concert_64698293.html\" rel=\"nofollow noopener\" target=\"_blank\"><strong>Patrick Bruel au Z\u00e9nith de Rouen\u2009: pour les \u00e9lus \u00ab\u2009il n\u2019est pas le bienvenu\u2009\u00bb, mais peuvent-ils interdire le concert\u2009?<\/strong><\/a><br \/>Le 18\u00a0octobre 2026, le concert de Patrick Bruel est programm\u00e9 au Z\u00e9nith de Rouen. Les maires du Grand-Quevilly et de Rouen r\u00e9affirment leur opposition \u00e0 la venue du chanteur.<\/p>\n<p class=\"expresso-item wall-content\"><a title=\"Lire l&#039;article\" href=\"https:\/\/actu.fr\/normandie\/rouen_76540\/en-plein-rush-de-la-rentree-l-appli-astuce-bloque-pour-les-abonnements-transports-a-rouen_64707807.html\" rel=\"nofollow noopener\" target=\"_blank\"><strong>En plein rush de la rentr\u00e9e, l\u2019appli Astuce bloque pour les abonnements transports \u00e0 Rouen<\/strong><\/a><br \/>\u00c0 quelques jours de la rentr\u00e9e, la boutique en ligne du r\u00e9seau de transports de Rouen conna\u00eet quelques couacs, avec des abonnements annuels indisponibles. Pour quelles raisons\u2009?<\/p>\n<p class=\"expresso-item wall-content\"><a title=\"Lire l&#039;article\" href=\"https:\/\/actu.fr\/normandie\/rouen_76540\/encore-un-commerce-du-centre-ville-de-rouen-cible-par-un-cambriolage-des-temoins-filment-le-suspect_64713164.html\" rel=\"nofollow noopener\" target=\"_blank\"><strong>Encore un commerce du centre-ville de Rouen cibl\u00e9 par un cambriolage\u2009: des t\u00e9moins filment le suspect<\/strong><\/a><br \/>Une boulangerie du centre-ville de Rouen a \u00e9t\u00e9 victime d\u2019une tentative de cambriolage dans la nuit du 26 au 27\u00a0ao\u00fbt 2026. Le suspect a \u00e9t\u00e9 interpell\u00e9.<\/p>\n<p class=\"expresso-item wall-content\"><a title=\"Lire l&#039;article\" href=\"https:\/\/actu.fr\/normandie\/rouen_76540\/la-route-est-inondee-par-l-orages-de-gros-bouchons-autour-de-ce-pont-a-rouen_64717190.html\" rel=\"nofollow noopener\" target=\"_blank\"><strong>La route est inond\u00e9e par l\u2019orage\u2009: de gros bouchons autour de ce pont \u00e0 Rouen<\/strong><\/a><br \/>Un orage s\u2019est abattu sur Rouen dans la matin\u00e9e du 28\u00a0ao\u00fbt 2026. R\u00e9sultat, une route est inond\u00e9e \u00e0 la sortie d\u2019un pont, occasionnant des bouchons.<\/p>\n<p class=\"expresso-item wall-content\"><a title=\"Lire l&#039;article\" href=\"https:\/\/actu.fr\/normandie\/rouen_76540\/l-orage-provoque-une-coulee-de-boue-a-darnetal-la-circulation-des-trains-interrompues-sur-une-ligne_64717306.html\" rel=\"nofollow noopener\" target=\"_blank\"><strong>L\u2019orage provoque une coul\u00e9e de boue \u00e0 Darn\u00e9tal\u2009: la circulation des trains interrompue sur une ligne<\/strong><\/a><br \/>L\u2019orage qui a \u00e9clat\u00e9 dans la matin\u00e9e sur l\u2019agglo rouennaise a provoqu\u00e9 une coul\u00e9e de boue \u00e0 Darn\u00e9tal, ce vendredi 28\u00a0ao\u00fbt 2026. Une ligne de train est interrompue.<\/p>\n<p class=\"expresso-item wall-content\"><a title=\"Lire l&#039;article\" href=\"https:\/\/actu.fr\/normandie\/rouen_76540\/un-homme-de-79-ans-agresse-pour-sa-chaine-en-or-place-cauchoise-a-rouen-direction-la-prison-pour-deux-jeunes-hommes_64719881.html\" rel=\"nofollow noopener\" target=\"_blank\"><strong>Un homme de 79\u00a0ans agress\u00e9 pour sa cha\u00eene en or place Cauchoise \u00e0 Rouen\u2009: direction la prison pour deux jeunes hommes<\/strong><\/a><br \/>Deux hommes ont \u00e9t\u00e9 condamn\u00e9s pour un vol avec violence commis \u00e0 l\u2019encontre d\u2019une personne \u00e2g\u00e9e le 26\u00a0ao\u00fbt 2026 place Cauchoise \u00e0 Rouen (Seine-Maritime).<\/p>\n<p class=\"expresso-item wall-content\"><a title=\"Lire l&#039;article\" href=\"https:\/\/actu.fr\/normandie\/grand-couronne_76319\/tests-de-toxicite-origine-de-l-incendie-on-en-sait-plus-sur-ce-feu-de-metaux-parti-pres-de-rouen_64718143.html\" rel=\"nofollow noopener\" target=\"_blank\"><strong>Tests de toxicit\u00e9, origine de l\u2019incendie\u2009: on en sait plus sur ce feu de m\u00e9taux parti pr\u00e8s de Rouen<\/strong><\/a><br \/>Le mercredi 12\u00a0ao\u00fbt 2026, un important incendie se d\u00e9clarait chez le ferrailleur Derichebourg \u00e0 Grand-Couronne. Les tests effectu\u00e9s depuis permettent d\u2019en savoir plus. Pr\u00e9cisions.<\/p>\n<p class=\"expresso-item wall-content\"><a title=\"Lire l&#039;article\" href=\"https:\/\/actu.fr\/normandie\/isneauville_76377\/incendie-de-la-residence-seniors-d-isneauville-une-pensionnaire-est-morte-et-une-piste-est-envisagee_64708890.html\" rel=\"nofollow noopener\" target=\"_blank\"><strong>Incendie de la r\u00e9sidence seniors d\u2019Isneauville\u2009: une pensionnaire est morte et une piste est envisag\u00e9e<\/strong><\/a><br \/>Le bilan officiel de l\u2019incendie de la r\u00e9sidence pour personnes \u00e2g\u00e9es d\u2019Isneauville, pr\u00e8s de Rouen, s\u2019est alourdi. Une pensionnaire est morte, apprend-on ce mardi 25\u00a0ao\u00fbt 2026.<\/p>\n<p>Suivez l\u2019actualit\u00e9 de Rouen sur notre <a href=\"https:\/\/www.whatsapp.com\/channel\/0029VaKfnf99hXF2ddApFB1D\" rel=\"nofollow noopener\" target=\"_blank\">cha\u00eene WhatsApp<\/a> et sur notre <a href=\"https:\/\/www.tiktok.com\/@76actu.fr?lang=fr\" rel=\"nofollow noopener\" target=\"_blank\">compte TikTok<\/a><\/p>\n<p class=\" wall-content\">Personnalisez votre actualit\u00e9 en ajoutant vos villes et m\u00e9dias en favori avec <a href=\"https:\/\/moncompte.actu.fr\" title=\"D\u00e9couvez Mon Actu\" rel=\"nofollow noopener\" data-trk=\"{&quot;cta&quot;:{&quot;action&quot;:&quot;https:\\\/\\\/moncompte.actu.fr&quot;,&quot;category&quot;:&quot;mon compte&quot;,&quot;from&quot;:&quot;article footer&quot;,&quot;name&quot;:&quot;Mon actu&quot;,&quot;type&quot;:&quot;cta&quot;}}\" target=\"_blank\">Mon Actu<\/a>.<\/p>\n<p>                    <script async src=\"\/\/www.tiktok.com\/embed.js\"><\/script><\/p>\n","protected":false},"excerpt":{"rendered":"Par Elo\u00efse Aub\u00e9 Publi\u00e9 le 30 ao\u00fbt 2026 \u00e0 17h13 Dernier week-end avant la rentr\u00e9e scolaire. L\u2019occasion de&hellip;\n","protected":false},"author":2,"featured_media":1153647,"comment_status":"","ping_status":"","sticky":false,"template":"","format":"standard","meta":{"footnotes":"","_share_on_mastodon":"0"},"categories":[9587],"tags":[1111,11,1261,1777,674,1011,27,12,5161,4594,5473,25,9590,104],"class_list":["post-1157555","post","type-post","status-publish","format-standard","has-post-thumbnail","category-rouen","tag-actu","tag-actualites","tag-argent","tag-eu","tag-europe","tag-fr","tag-france","tag-news","tag-normandie","tag-orages","tag-patrick-bruel","tag-republique-francaise","tag-rouen","tag-societe"],"share_on_mastodon":{"url":"https:\/\/pubeurope.com\/@fr\/117185183012964287","error":""},"_links":{"self":[{"href":"https:\/\/www.europesays.com\/fr\/wp-json\/wp\/v2\/posts\/1157555","targetHints":{"allow":["GET"]}}],"collection":[{"href":"https:\/\/www.europesays.com\/fr\/wp-json\/wp\/v2\/posts"}],"about":[{"href":"https:\/\/www.europesays.com\/fr\/wp-json\/wp\/v2\/types\/post"}],"author":[{"embeddable":true,"href":"https:\/\/www.europesays.com\/fr\/wp-json\/wp\/v2\/users\/2"}],"replies":[{"embeddable":true,"href":"https:\/\/www.europesays.com\/fr\/wp-json\/wp\/v2\/comments?post=1157555"}],"version-history":[{"count":0,"href":"https:\/\/www.europesays.com\/fr\/wp-json\/wp\/v2\/posts\/1157555\/revisions"}],"wp:featuredmedia":[{"embeddable":true,"href":"https:\/\/www.europesays.com\/fr\/wp-json\/wp\/v2\/media\/1153647"}],"wp:attachment":[{"href":"https:\/\/www.europesays.com\/fr\/wp-json\/wp\/v2\/media?parent=1157555"}],"wp:term":[{"taxonomy":"category","embeddable":true,"href":"https:\/\/www.europesays.com\/fr\/wp-json\/wp\/v2\/categories?post=1157555"},{"taxonomy":"post_tag","embeddable":true,"href":"https:\/\/www.europesays.com\/fr\/wp-json\/wp\/v2\/tags?post=1157555"}],"curies":[{"name":"wp","href":"https:\/\/api.w.org\/{rel}","templated":true}]}}