{"id":1157558,"date":"2026-08-30T15:33:25","date_gmt":"2026-08-30T15:33:25","guid":{"rendered":"https:\/\/www.europesays.com\/fr\/1157558\/"},"modified":"2026-08-30T15:33:25","modified_gmt":"2026-08-30T15:33:25","slug":"fontaine-le-vog-ouvre-sa-nouvelle-saison-dexpositions-avec-diseck","status":"publish","type":"post","link":"https:\/\/www.europesays.com\/fr\/1157558\/","title":{"rendered":"Fontaine. Le Vog ouvre sa nouvelle saison d\u2019expositions avec Diseck"},"content":{"rendered":"<p>Ses chiens, oiseaux, y\u00e9tis et autres reptiles, composent un bestiaire en baskets et casquettes qui, depuis 10 ans, peuple ses fresques color\u00e9es et estompe la fronti\u00e8re entre animalit\u00e9 et humanit\u00e9. Dans ce travail, r\u00e9uni sous l\u2019intitul\u00e9 Somos Todos Animales , Diseck d\u00e9cale les sujets de ses \u0153uvres dans l\u2019imaginaire en pariant sur notre capacit\u00e9 d\u2019identification pour, esp\u00e8re-t-il, \u00ab\u00a0inciter les hommes qui se consid\u00e8rent souvent sup\u00e9rieurs aux animaux \u00e0 prendre conscience de leur place sur la terre et \u00e0 respecter davantage les autres \u00eatres vivants.\u00a0\u00bb<\/p>\n<p>Pour son exposition au Vog, il propose une immersion dans son univers artistique tout en pr\u00e9sentant l\u2019ensemble des techniques qu\u2019il affectionne\u00a0: \u00ab\u00a0Je n\u2019ai pas souvent eu l\u2019occasion de r\u00e9unir les diff\u00e9rentes parties de mon travail dans un m\u00eame lieu\u00a0\u00bb, dit-il en faisant r\u00e9f\u00e9rence \u00e0 une exposition \u00e0 La Bifurk en 2007 qui lui avait d\u00e9j\u00e0 offert cette opportunit\u00e9.<\/p>\n<p>Presque 20 ans plus tard, il reprend donc le titre et prolonge l\u2019ambition panoramique du projet initial afin de pr\u00e9senter lors de Perspective Int\u00e9rieure 2 , aussi bien ses peintures que des c\u00e9ramiques ou des photographies.<\/p>\n<p>Au centre d\u2019art contemporain de Fontaine, il r\u00e9alisera pour la premi\u00e8re fois, une grande installation qui invitera les visiteurs \u00e0 circuler dans la reproduction en 3D d\u2019une de ses \u0153uvres.<\/p>\n<p>Par ailleurs, l\u2019espace de l\u2019alc\u00f4ve accueillera des images illustrant son travail ou ses sources d\u2019inspiration, afin de partager avec le public la perspective int\u00e9rieure et artistique qui lui est propre. Celle, qui dans l\u2019intimit\u00e9 d\u2019une chambre conserve la m\u00e9moire de sa passion naissante pour l\u2019art plastique et le hip-hop aussi bien que les souvenirs des voyages et des rencontres qu\u2019il a pu faire depuis. Un tr\u00e9sor sensible et pr\u00e9cieux qui alimente toujours l\u2019imaginaire et la cr\u00e9ativit\u00e9 insatiable de Diseck.<\/p>\n<p class=\"note\">Perspective Int\u00e9rieure 2 , exposition des \u0153uvres de Diseck du 5 au 26\u00a0septembre au Vog. Vernissage de l\u2019exposition le 5\u00a0septembre \u00e0 16\u00a0h. Visites du mercredi au samedi de 15\u00a0h \u00e0 18\u00a0h.<\/p>\n","protected":false},"excerpt":{"rendered":"Ses chiens, oiseaux, y\u00e9tis et autres reptiles, composent un bestiaire en baskets et casquettes qui, depuis 10 ans,&hellip;\n","protected":false},"author":2,"featured_media":1157559,"comment_status":"","ping_status":"","sticky":false,"template":"","format":"standard","meta":{"footnotes":"","_share_on_mastodon":"0"},"categories":[9566],"tags":[1111,11,2430,1687,112,1777,674,2271,9592,11680,1011,27,2731,108,12,25],"class_list":["post-1157558","post","type-post","status-publish","format-standard","has-post-thumbnail","category-grenoble","tag-actu","tag-actualites","tag-auvergne-rhone-alpes","tag-culture-loisirs","tag-edition-grenoble-agglomeration","tag-eu","tag-europe","tag-exposition-arts-plastiques","tag-fontaine","tag-fontaine-bassin","tag-fr","tag-france","tag-grenoble","tag-isere","tag-news","tag-republique-francaise"],"share_on_mastodon":{"url":"https:\/\/pubeurope.com\/@fr\/117185190445136081","error":""},"_links":{"self":[{"href":"https:\/\/www.europesays.com\/fr\/wp-json\/wp\/v2\/posts\/1157558","targetHints":{"allow":["GET"]}}],"collection":[{"href":"https:\/\/www.europesays.com\/fr\/wp-json\/wp\/v2\/posts"}],"about":[{"href":"https:\/\/www.europesays.com\/fr\/wp-json\/wp\/v2\/types\/post"}],"author":[{"embeddable":true,"href":"https:\/\/www.europesays.com\/fr\/wp-json\/wp\/v2\/users\/2"}],"replies":[{"embeddable":true,"href":"https:\/\/www.europesays.com\/fr\/wp-json\/wp\/v2\/comments?post=1157558"}],"version-history":[{"count":0,"href":"https:\/\/www.europesays.com\/fr\/wp-json\/wp\/v2\/posts\/1157558\/revisions"}],"wp:featuredmedia":[{"embeddable":true,"href":"https:\/\/www.europesays.com\/fr\/wp-json\/wp\/v2\/media\/1157559"}],"wp:attachment":[{"href":"https:\/\/www.europesays.com\/fr\/wp-json\/wp\/v2\/media?parent=1157558"}],"wp:term":[{"taxonomy":"category","embeddable":true,"href":"https:\/\/www.europesays.com\/fr\/wp-json\/wp\/v2\/categories?post=1157558"},{"taxonomy":"post_tag","embeddable":true,"href":"https:\/\/www.europesays.com\/fr\/wp-json\/wp\/v2\/tags?post=1157558"}],"curies":[{"name":"wp","href":"https:\/\/api.w.org\/{rel}","templated":true}]}}