{"id":115756,"date":"2025-05-21T02:12:14","date_gmt":"2025-05-21T02:12:14","guid":{"rendered":"https:\/\/www.europesays.com\/fr\/115756\/"},"modified":"2025-05-21T02:12:14","modified_gmt":"2025-05-21T02:12:14","slug":"benji-samat-les-marseillais-annonce-un-nouveau-projet-surprenant-qui-na-rien-a-voir-avec-la-tele","status":"publish","type":"post","link":"https:\/\/www.europesays.com\/fr\/115756\/","title":{"rendered":"Benji Samat (Les Marseillais) annonce un nouveau projet surprenant qui n&rsquo;a rien \u00e0 voir avec la t\u00e9l\u00e9 !"},"content":{"rendered":"<p>Ce mardi 20 mai, Benji Samat a fait son retour sur les r\u00e9seaux sociaux apr\u00e8s un long silence. L&rsquo;ancien candidat des Marseillais a d\u00e9voil\u00e9 son nouveau projet surprenant avec une star du football.<\/p>\n<p>La t\u00e9l\u00e9-r\u00e9alit\u00e9, c&rsquo;est du pass\u00e9 ! <a href=\"https:\/\/www.programme-tv.net\/news\/tele-realite\/260491-les-marseillais-vs-le-reste-du-monde-benjamin-samat-quitte-marseille-et-demenage-a-dubai\/\" data-api-deeplink=\"teleloisirs:\/\/news\/260491\" rel=\"nofollow noopener\" target=\"_blank\">Candidat phare des Marseillais sur W9<\/a>, Benji Samat s&rsquo;est exil\u00e9 il y a plusieurs ann\u00e9es \u00e0 Duba\u00ef avec <a href=\"https:\/\/www.programme-tv.net\/news\/tv\/293252-benjamin-samat-et-maddy-burciaga-les-marseillais-se-sont-maries-a-dubai-ils-devoilent-de-premieres-photos\/\" data-api-deeplink=\"teleloisirs:\/\/news\/293252\" rel=\"nofollow noopener\" target=\"_blank\">son \u00e9pouse Maddy Burciaga<\/a> et <a href=\"https:\/\/www.programme-tv.net\/news\/tele-realite\/310921-maddy-burciaga-a-accouche-la-compagne-de-benjamin-samat-devoile-le-nom-et-des-photos-de-son-fils\/\" data-api-deeplink=\"teleloisirs:\/\/news\/310921\" rel=\"nofollow noopener\" target=\"_blank\">leur fils Andrea<\/a>. Toujours sous le feu des projecteurs gr\u00e2ce aux r\u00e9seaux sociaux, le papa est suivi par plus de 2 millions de personnes qui suivent quotidiennement ses aventures aux \u00c9mirats arabes unis. Depuis quelques semaines, Benji Samat a d\u00e9sert\u00e9 Instagram et a inqui\u00e9t\u00e9 ses fans&#8230; jusqu&rsquo;\u00e0 ce jour o\u00f9 il a bris\u00e9 le silence. Ce mardi 20 mai, l&rsquo;ancien candidat de t\u00e9l\u00e9-r\u00e9alit\u00e9 a d\u00e9voil\u00e9 son nouveau projet et en a surpris plus d&rsquo;un.<\/p>\n<p>Benji Samat (Les Marseillais) absent depuis plusieurs semaines sur les r\u00e9seaux sociaux, il revient avec un projet surprenant<\/p>\n<p>De retour sur Instagram, Benji Samat a expliqu\u00e9 les raisons de son absence.<b> \u00ab\u00a0\u00c7a fait plusieurs semaines que je suis moins pr\u00e9sent sur les r\u00e9seaux. En effet, je pr\u00e9parais un combat de MMA\u00a0\u00bb<\/b>, a-t-il r\u00e9v\u00e9l\u00e9. \u00ab\u00a0Et pas des moindres, <b>le PFL m&rsquo;a propos\u00e9 (fin avril) d&rsquo;affronter Patrice Evra \u00e0 l&rsquo;Arena de Bercy le 23 mai<\/b>\u00ab\u00a0, a annonc\u00e9 l&rsquo;ex-candidat des Marseillais sur son combat pr\u00e9vu contre <a href=\"https:\/\/www.programme-tv.net\/news\/sport\/291699-la-chose-la-plus-difficile-de-toute-ma-vie-au-bord-des-larmes-patrice-evra-revient-sur-le-moment-ou-il-a-parle-de-son-agression-sexuelle-a-sa-mere-video\/\" data-api-deeplink=\"teleloisirs:\/\/news\/291699\" rel=\"nofollow noopener\" target=\"_blank\">le champion de football <\/a>qui s&rsquo;entra\u00eene depuis 2016 aux c\u00f4t\u00e9s de <a href=\"https:\/\/www.programme-tv.net\/biographie\/1861448-doumbe-cedric\/\" data-link-people=\"c3e04727-caf3-4f63-a000-e149647c3361\" rel=\"nofollow noopener\" target=\"_blank\">C\u00e9dric Doumb\u00e8<\/a>. Une confrontation qui a malheureusement \u00e9t\u00e9 report\u00e9e. \u00ab\u00a0Je devais affronter Patrice Evra ce jour-l\u00e0. Celui-ci \u00e9tait ok pour combattre contre moi\u00a0\u00bb, a-t-il inform\u00e9 avant de s&rsquo;amuser de la situation : \u00ab\u00a0Je me sentais tr\u00e8s bien lors de mes premi\u00e8res semaines d&rsquo;entra\u00eenement et j&rsquo;allais d\u00e9clarer une guerre certaine \u00e0 Evra dans l&rsquo;octogone. \u00c7a aurait \u00e9t\u00e9 un vrai cauchemar pour lui de m&rsquo;affronter enferm\u00e9 dans une cage. Les \u00e9toiles se sont align\u00e9es pour lui venir en aide et <b>le PFL qui devait avoir lieu ce vendredi a \u00e9t\u00e9 report\u00e9 \u00e0 une date qui n&rsquo;a pas encore \u00e9t\u00e9 communiqu\u00e9e<\/b>.\u00a0\u00bb<\/p>\n<p>                        Benji Samat (Les Marseillais) \u00e9voque ses entra\u00eenements intensifs pour son combat de MMA contre le footballeur Patrice Evra<\/p>\n<p>Pour combattre Patrice Evra, Benji Samat s&rsquo;est lanc\u00e9 le d\u00e9fi d&rsquo;apprendre les arts martiaux mixtes en \u00ab\u00a0moins d&rsquo;un mois\u00a0\u00bb.<b> \u00ab\u00a0<\/b><b>J&rsquo;ai donc commenc\u00e9 les entra\u00eenements intensifs avec Nordine Taleb dans un sport que je n&rsquo;avais encore jamais pratiqu\u00e9, et qui mixe plusieurs arts martiaux\u00a0\u00bb<\/b>, a-t-il confi\u00e9. \u00ab\u00a0En esp\u00e9rant de tout c\u0153ur que ce combat pourra avoir lieu prochainement car Patou commence \u00e0 se faire vieux, il ne faut pas trop tra\u00eener, je ne veux pas que ce soit trop facile non plus\u00a0\u00bb, a finalement esp\u00e9r\u00e9 le mari de <a href=\"https:\/\/www.programme-tv.net\/biographie\/391901-maddy-burciaga\/\" data-link-people=\"ea6a2ead-ce57-4c5c-af90-caa790675da3\" rel=\"nofollow noopener\" target=\"_blank\">Maddy Burciaga<\/a> avant de conclure : \u00ab\u00a0Nous ne savons pas encore quand il sera report\u00e9, mais je suis dans les starting-blocks, et croyez-moi, \u00e7a va cogner fort !\u00a0\u00bb<\/p>\n","protected":false},"excerpt":{"rendered":"Ce mardi 20 mai, Benji Samat a fait son retour sur les r\u00e9seaux sociaux apr\u00e8s un long silence.&hellip;\n","protected":false},"author":2,"featured_media":115757,"comment_status":"","ping_status":"","sticky":false,"template":"","format":"standard","meta":{"footnotes":""},"categories":[1356],"tags":[23599,13740,21141,5432,244,58,23598,59,1011,27,12434,1847,14650,252,21140,550,3604,1364],"class_list":{"0":"post-115756","1":"post","2":"type-post","3":"status-publish","4":"format-standard","5":"has-post-thumbnail","7":"category-television","8":"tag-benjamin-samat","9":"tag-boxe","10":"tag-c-8","11":"tag-combat","12":"tag-commentaire","13":"tag-divertissement","14":"tag-dylan-thiry","15":"tag-entertainment","16":"tag-fr","17":"tag-france","18":"tag-les-marseillais","19":"tag-mma","20":"tag-patrice-evra","21":"tag-television","22":"tag-touche-pas-u00e0-mon-poste","23":"tag-tpmp","24":"tag-tu00e9lu00e9-ru00e9alitu00e9","25":"tag-tv"},"share_on_mastodon":{"url":"https:\/\/pubeurope.com\/@fr\/114543404260139751","error":""},"_links":{"self":[{"href":"https:\/\/www.europesays.com\/fr\/wp-json\/wp\/v2\/posts\/115756","targetHints":{"allow":["GET"]}}],"collection":[{"href":"https:\/\/www.europesays.com\/fr\/wp-json\/wp\/v2\/posts"}],"about":[{"href":"https:\/\/www.europesays.com\/fr\/wp-json\/wp\/v2\/types\/post"}],"author":[{"embeddable":true,"href":"https:\/\/www.europesays.com\/fr\/wp-json\/wp\/v2\/users\/2"}],"replies":[{"embeddable":true,"href":"https:\/\/www.europesays.com\/fr\/wp-json\/wp\/v2\/comments?post=115756"}],"version-history":[{"count":0,"href":"https:\/\/www.europesays.com\/fr\/wp-json\/wp\/v2\/posts\/115756\/revisions"}],"wp:featuredmedia":[{"embeddable":true,"href":"https:\/\/www.europesays.com\/fr\/wp-json\/wp\/v2\/media\/115757"}],"wp:attachment":[{"href":"https:\/\/www.europesays.com\/fr\/wp-json\/wp\/v2\/media?parent=115756"}],"wp:term":[{"taxonomy":"category","embeddable":true,"href":"https:\/\/www.europesays.com\/fr\/wp-json\/wp\/v2\/categories?post=115756"},{"taxonomy":"post_tag","embeddable":true,"href":"https:\/\/www.europesays.com\/fr\/wp-json\/wp\/v2\/tags?post=115756"}],"curies":[{"name":"wp","href":"https:\/\/api.w.org\/{rel}","templated":true}]}}