{"id":1157560,"date":"2026-08-30T15:35:47","date_gmt":"2026-08-30T15:35:47","guid":{"rendered":"https:\/\/www.europesays.com\/fr\/1157560\/"},"modified":"2026-08-30T15:35:47","modified_gmt":"2026-08-30T15:35:47","slug":"ligue-2-les-notes-apres-stade-lavallois-gf38-0-3","status":"publish","type":"post","link":"https:\/\/www.europesays.com\/fr\/1157560\/","title":{"rendered":"Ligue 2. Les notes apr\u00e8s Stade Lavallois &#8211; GF38 (0-3)"},"content":{"rendered":"<p class=\"wp-block-paragraph\" style=\"font-size:20px\"><strong>Retrouvez nos notes apr\u00e8s <a href=\"https:\/\/www.grenoblefoot.info\/ligue-2-emmene-par-samba-lele-diba-le-gf38-soffre-son-1er-succes-de-la-saison\/\" data-type=\"post\" data-id=\"53951\" target=\"_blank\" rel=\"noreferrer noopener nofollow\">la rencontre de la quatri\u00e8me journ\u00e9e de Ligue 2<\/a> qui a oppos\u00e9 ce vendredi 28<\/strong> <strong>ao\u00fbt 2026 le Stade Lavallois<\/strong> <strong>et le GF38 (0-3). Seuls les joueurs ayant disput\u00e9 au moins l\u2019int\u00e9gralit\u00e9 d\u2019une mi-temps sont pris en compte.<\/strong><\/p>\n<p>&gt;&gt;&gt; <a href=\"https:\/\/antichambre.eu\/cest-un-soulagement-olivier-frapolli-et-baptiste-mouazan-reagissent-au-premier-succes-du-gf38\/\" data-type=\"link\" data-id=\"https:\/\/antichambre.eu\/cest-un-soulagement-olivier-frapolli-et-baptiste-mouazan-reagissent-au-premier-succes-du-gf38\/\" rel=\"nofollow noopener\" target=\"_blank\">La r\u00e9action d\u2019Olivier Frapolli apr\u00e8s Laval \u2013 GF38<\/a><\/p>\n<p>Les notes apr\u00e8s Stade Lavallois \u2013 GF38<\/p>\n<p class=\"wp-block-paragraph\"><strong>Alexandre Olliero (7).<\/strong> Le portier continue de monter en puissance avec un deuxi\u00e8me clean sheet cette saison. S\u2019il a finalement peu \u00e9t\u00e9 mis \u00e0 contribution, il a tout bien fait, se montrant rassurant pour sa ligne d\u00e9fensive.<\/p>\n<p class=\"wp-block-paragraph\"><strong>Nesta Zahui (6).<\/strong> Il a avant tout beaucoup et bien d\u00e9fendu face aux Tango. Moins offensif qu\u2019habituellement, il a eu du d\u00e9chet dans la moiti\u00e9 de terrain adverse<\/p>\n<p class=\"wp-block-paragraph\"><strong>Aur\u00e9lien Pelon (5). <\/strong>Une premi\u00e8re compliqu\u00e9e pour le jeune d\u00e9fenseur qui a commis quelques fautes et a parfois montr\u00e9 un peu de f\u00e9brilit\u00e9 dans ses interventions. Il a toutefois fait sa part du travail d\u00e9fensif. <\/p>\n<p class=\"wp-block-paragraph\"><strong>Cl\u00e9ment Vidal (8).<\/strong> Imp\u00e9rial d\u00e9fensivement, il a \u00e9t\u00e9 sur tous les ballons. Il s\u2019est \u00e9galement montr\u00e9 intransigeant dans le domaine a\u00e9rien. Une prestation de patron. Avec un peu moins de d\u00e9chet quand il a cherch\u00e9 \u00e0 allonger, elle aurait \u00e9t\u00e9 parfaite. Mais quand Vidal est \u00e0 ce niveau, comme face \u00e0 Metz, Grenoble conc\u00e8de peu. <\/p>\n<p class=\"wp-block-paragraph\"><strong>Matth\u00e9o Xantippe (7)<\/strong>. Intraitable dans les duels, le lat\u00e9ral gauche a apport\u00e9 sa pierre \u00e0 l\u2019\u00e9difice d\u00e9fensif lui aussi. Il a \u00e9galement particip\u00e9 offensivement sur son c\u00f4t\u00e9 gauche m\u00eame si son apport peut encore \u00eatre sup\u00e9rieur<\/p>\n<p class=\"wp-block-paragraph\"><strong>Yohann Magnin (7)<\/strong>. Une passe d\u00e9cisive sur le dernier but alpin, un gros volume de jeu pour densifier le bloc d\u00e8s l\u2019entrejeu et beaucoup de r\u00e9cup\u00e9rations. Une prestation d\u2019ensemble conforme \u00e0 son statut. Comme Vidal il a les cl\u00e9s, un cran plus haut, pour \u00e9viter \u00e0 son gardien d\u2019avoir trop de travail \u00e0 faire.<\/p>\n<p class=\"wp-block-paragraph\"><strong>Samba Lele Diba (9).<\/strong> Un but, une action qui aurait d\u00fb d\u00e9boucher sur une passe d\u00e9cisive et une r\u00e9cup\u00e9ration qui am\u00e8ne le 3\u00e8me but de son \u00e9quipe. Rajoutons son inspiration sur un lob de 40m qui a failli faire mouche et une prestation globale o\u00f9 le milieu de terrain n\u2019a quasiment rien manqu\u00e9 pour son meilleur match, de tr\u00e8s loin, sous le maillot grenoblois. Son positionnement un peu plus \u00ab\u00a0box to box\u00a0\u00bb lui permet d\u2019amener sa puissance balle au pied dans des zones dangereuses. On va attendre de lui qu\u2019il confirme d\u00e9sormais.<\/p>\n<p class=\"wp-block-paragraph\"><strong>Lucas Bernadou (6)<\/strong>. Moins en vue que ses co\u00e9quipiers du milieu du terrain son activit\u00e9 et son volume de jeu ont \u00e9t\u00e9 essentiel \u00e0 la solidit\u00e9 du bloc dauphinois. Il a eu plus de mal dans le dernier tiers adverse \u00e0 bonifier ses ballons. <\/p>\n<p class=\"wp-block-paragraph\"><strong>Baptiste Mouazan (7).<\/strong> Un but qu\u2019il est all\u00e9 chercher tout seul et une combativit\u00e9 d\u00e9fensive qui a servi \u00e0 son \u00e9quipe tout au long de la partie. On aimerait le voir impacter encore plus offensivement mais, positionn\u00e9 sur le c\u00f4t\u00e9 gauche, il a livr\u00e9 un tr\u00e8s bon match dans un registre qui n\u2019est habituellement pas le sien.<\/p>\n<p class=\"wp-block-paragraph\"><strong>Jean-Guy Akpa Akpro (4).<\/strong> Pas loin de prendre un rouge d\u00e8s le quart d\u2019heure de jeu, il a une nouvelle fois fourni beaucoup d\u2019efforts sur son c\u00f4t\u00e9 droit mais il a eu beaucoup trop de d\u00e9chets pour peser un peu plus sur la rencontre<\/p>\n<p class=\"wp-block-paragraph\"><strong>L\u00e9onardo Cerri (4).<\/strong> Il a manqu\u00e9 un but immanquable et a relativement peu pes\u00e9 sur le match malgr\u00e9 un gabarit qui devrait en faire, a minima, un point de fixation plus utile au collectif. Son int\u00e9gration au collectif est logiquement \u00e0 parfaire mais, \u00e0 date, Grenoble n\u2019a toujours pas trouv\u00e9 son 9. <\/p>\n<p><img fetchpriority=\"high\" decoding=\"async\" width=\"640\" height=\"800\" src=\"https:\/\/www.europesays.com\/fr\/wp-content\/uploads\/2026\/08\/Samba-Lele-Diba.jpg\" class=\"attachment-post-thumbnail size-post-thumbnail wp-post-image\" alt=\"\" style=\"object-fit:cover;\"  \/><\/p>\n","protected":false},"excerpt":{"rendered":"Retrouvez nos notes apr\u00e8s la rencontre de la quatri\u00e8me journ\u00e9e de Ligue 2 qui a oppos\u00e9 ce vendredi&hellip;\n","protected":false},"author":2,"featured_media":1157561,"comment_status":"","ping_status":"","sticky":false,"template":"","format":"standard","meta":{"footnotes":"","_share_on_mastodon":"0"},"categories":[9566],"tags":[1111,11,2430,1777,674,1011,27,21780,2731,12,25],"class_list":["post-1157560","post","type-post","status-publish","format-standard","has-post-thumbnail","category-grenoble","tag-actu","tag-actualites","tag-auvergne-rhone-alpes","tag-eu","tag-europe","tag-fr","tag-france","tag-gf38","tag-grenoble","tag-news","tag-republique-francaise"],"share_on_mastodon":{"url":"https:\/\/pubeurope.com\/@fr\/117185200193259754","error":""},"_links":{"self":[{"href":"https:\/\/www.europesays.com\/fr\/wp-json\/wp\/v2\/posts\/1157560","targetHints":{"allow":["GET"]}}],"collection":[{"href":"https:\/\/www.europesays.com\/fr\/wp-json\/wp\/v2\/posts"}],"about":[{"href":"https:\/\/www.europesays.com\/fr\/wp-json\/wp\/v2\/types\/post"}],"author":[{"embeddable":true,"href":"https:\/\/www.europesays.com\/fr\/wp-json\/wp\/v2\/users\/2"}],"replies":[{"embeddable":true,"href":"https:\/\/www.europesays.com\/fr\/wp-json\/wp\/v2\/comments?post=1157560"}],"version-history":[{"count":0,"href":"https:\/\/www.europesays.com\/fr\/wp-json\/wp\/v2\/posts\/1157560\/revisions"}],"wp:featuredmedia":[{"embeddable":true,"href":"https:\/\/www.europesays.com\/fr\/wp-json\/wp\/v2\/media\/1157561"}],"wp:attachment":[{"href":"https:\/\/www.europesays.com\/fr\/wp-json\/wp\/v2\/media?parent=1157560"}],"wp:term":[{"taxonomy":"category","embeddable":true,"href":"https:\/\/www.europesays.com\/fr\/wp-json\/wp\/v2\/categories?post=1157560"},{"taxonomy":"post_tag","embeddable":true,"href":"https:\/\/www.europesays.com\/fr\/wp-json\/wp\/v2\/tags?post=1157560"}],"curies":[{"name":"wp","href":"https:\/\/api.w.org\/{rel}","templated":true}]}}