{"id":1157580,"date":"2026-08-30T15:51:14","date_gmt":"2026-08-30T15:51:14","guid":{"rendered":"https:\/\/www.europesays.com\/fr\/1157580\/"},"modified":"2026-08-30T15:51:14","modified_gmt":"2026-08-30T15:51:14","slug":"girondins-reprise-en-r1-ou-liquidation-la-semaine-de-tous-les-dangers-pour-bordeaux","status":"publish","type":"post","link":"https:\/\/www.europesays.com\/fr\/1157580\/","title":{"rendered":"Girondins : reprise en R1 ou liquidation, la semaine de tous les dangers pour Bordeaux"},"content":{"rendered":"<p><img decoding=\"async\" src=\"https:\/\/www.europesays.com\/fr\/wp-content\/uploads\/2026\/08\/671_b3195d369e321d86412526dd71e56dae.jpg\" alt=\"Girondins : reprise en R1 ou liquidation, la semaine de tous les dangers pour Bordeaux\" class=\"img-responsive mt-3\"\/><\/p>\n<p class=\"text-center mb-3\" style=\"font-size: 14px\">\u00a9 Iconsport<\/p>\n<p>      <strong>Girondins : deux sc\u00e9narios d\u00e9cisifs pour l&rsquo;avenir de Bordeaux cette semaine<\/strong><\/p>\n<p style=\"text-align: justify;\">Le feuilleton autour de l&rsquo;avenir des Girondins de Bordeaux entre dans une nouvelle phase. Ce dimanche, plus personne au sein du club et chez les repreneurs n&rsquo;envisage s\u00e9rieusement une r\u00e9int\u00e9gration en National 1 ou en National 2. Les r\u00e8glements f\u00e9d\u00e9raux ne permettraient plus de mettre en \u0153uvre ces sc\u00e9narios.<\/p>\n<p style=\"text-align: justify;\">Apr\u00e8s cinq saisons sous la propri\u00e9t\u00e9 de G\u00e9rard Lopez, les Girondins sont ainsi pass\u00e9s de la Ligue 1 au niveau r\u00e9gional. Reste d\u00e9sormais \u00e0 d\u00e9terminer sous quelle forme le club pourra poursuivre son activit\u00e9.<\/p>\n<p style=\"text-align: justify;\">Selon Sud Ouest, deux sc\u00e9narios sont maintenant sur la table.<\/p>\n<p><strong>Sc\u00e9nario 1 : poursuivre le projet de reprise en R\u00e9gional 1<\/strong><\/p>\n<p style=\"text-align: justify;\">La premi\u00e8re possibilit\u00e9 serait de maintenir le projet de reprise malgr\u00e9 le R\u00e9gional 1.<\/p>\n<p style=\"text-align: justify;\">Cette solution n\u00e9cessiterait toutefois de revoir dans l&rsquo;urgence le protocole de conciliation homologu\u00e9 mardi par le tribunal de commerce. Il faudrait notamment financer la r\u00e9siliation de contrats et apporter les fonds n\u00e9cessaires au paiement de l&rsquo;\u00e9ch\u00e9ance du plan de continuation du 24 juin dernier.<\/p>\n<p style=\"text-align: justify;\">Les repreneurs doivent donc d\u00e9terminer si leur projet peut \u00eatre adapt\u00e9 \u00e0 cette nouvelle r\u00e9alit\u00e9 sportive et \u00e9conomique.<\/p>\n<p><strong>Sc\u00e9nario 2 : la liquidation de la soci\u00e9t\u00e9<\/strong><\/p>\n<p style=\"text-align: justify;\">Si aucune solution n&rsquo;est trouv\u00e9e, la liquidation de la SASP Girondins pourrait devenir le deuxi\u00e8me sc\u00e9nario. Selon Sud Ouest, la Chambre du Conseil se r\u00e9unissant le mardi, une liquidation pourrait \u00eatre prononc\u00e9e le 8 ou le 15 septembre.<\/p>\n<p style=\"text-align: justify;\">Les cons\u00e9quences seraient alors consid\u00e9rables : d\u00e9ch\u00e9ance des droits sportifs de la soci\u00e9t\u00e9, puis \u00e9ventuelle r\u00e9attribution \u00e0 l&rsquo;association Girondins par le Comit\u00e9 ex\u00e9cutif de la FFF. Sud Ouest rappelle que, dans les pr\u00e9c\u00e9dents des trois derni\u00e8res ann\u00e9es, le niveau maximal accord\u00e9 a \u00e9t\u00e9 le R\u00e9gional 2.<\/p>\n<p style=\"text-align: justify;\">Se poseraient \u00e9galement les questions de la marque des Girondins, nantie aupr\u00e8s du fonds d&rsquo;investissement Fortress, et de certaines dettes susceptibles de retomber sur l&rsquo;association. Parmi elles figureraient environ 4,5 millions d&rsquo;euros li\u00e9s \u00e0 des transferts impay\u00e9s que la FIFA devrait r\u00e9clamer.<\/p>\n<p style=\"text-align: justify;\">Apr\u00e8s la bataille pour le National 1, une nouvelle semaine capitale d\u00e9bute donc pour la survie et l&rsquo;avenir des Girondins de Bordeaux.<\/p>\n<p>&#8211; \u00c0 lire : <strong><a href=\"https:\/\/www.webgirondins.com\/actualite-girondins-girondins-dominique-delport-agace-la-fff-et-repond-aux-critiques-134356\" target=\"_blank\" rel=\"noopener nofollow\">Dominique Delport agace la FFF et r\u00e9pond aux critiques<\/a><\/strong><\/p>\n<p>\u00c9coutez notre podcast court sur l&rsquo;actu des Girondins :<\/p>\n<p>\u00a0<\/p>\n","protected":false},"excerpt":{"rendered":"\u00a9 Iconsport Girondins : deux sc\u00e9narios d\u00e9cisifs pour l&rsquo;avenir de Bordeaux cette semaine Le feuilleton autour de l&rsquo;avenir&hellip;\n","protected":false},"author":2,"featured_media":1157581,"comment_status":"","ping_status":"","sticky":false,"template":"","format":"standard","meta":{"footnotes":"","_share_on_mastodon":"0"},"categories":[2817],"tags":[1111,11,1997,1149,18637,7556,1777,674,1011,27,1987,13225,3238,12,2219,378,471,9834,25,8133,5572,3387],"class_list":["post-1157580","post","type-post","status-publish","format-standard","has-post-thumbnail","category-bordeaux","tag-actu","tag-actualites","tag-bordeaux","tag-dangers","tag-desormais","tag-envisage","tag-eu","tag-europe","tag-fr","tag-france","tag-girondins","tag-liquidation","tag-national","tag-news","tag-nouvelle-aquitaine","tag-plus","tag-pour","tag-reprise","tag-republique-francaise","tag-retour","tag-semaine","tag-tous"],"share_on_mastodon":{"url":"","error":""},"_links":{"self":[{"href":"https:\/\/www.europesays.com\/fr\/wp-json\/wp\/v2\/posts\/1157580","targetHints":{"allow":["GET"]}}],"collection":[{"href":"https:\/\/www.europesays.com\/fr\/wp-json\/wp\/v2\/posts"}],"about":[{"href":"https:\/\/www.europesays.com\/fr\/wp-json\/wp\/v2\/types\/post"}],"author":[{"embeddable":true,"href":"https:\/\/www.europesays.com\/fr\/wp-json\/wp\/v2\/users\/2"}],"replies":[{"embeddable":true,"href":"https:\/\/www.europesays.com\/fr\/wp-json\/wp\/v2\/comments?post=1157580"}],"version-history":[{"count":0,"href":"https:\/\/www.europesays.com\/fr\/wp-json\/wp\/v2\/posts\/1157580\/revisions"}],"wp:featuredmedia":[{"embeddable":true,"href":"https:\/\/www.europesays.com\/fr\/wp-json\/wp\/v2\/media\/1157581"}],"wp:attachment":[{"href":"https:\/\/www.europesays.com\/fr\/wp-json\/wp\/v2\/media?parent=1157580"}],"wp:term":[{"taxonomy":"category","embeddable":true,"href":"https:\/\/www.europesays.com\/fr\/wp-json\/wp\/v2\/categories?post=1157580"},{"taxonomy":"post_tag","embeddable":true,"href":"https:\/\/www.europesays.com\/fr\/wp-json\/wp\/v2\/tags?post=1157580"}],"curies":[{"name":"wp","href":"https:\/\/api.w.org\/{rel}","templated":true}]}}