{"id":1157586,"date":"2026-08-30T15:56:15","date_gmt":"2026-08-30T15:56:15","guid":{"rendered":"https:\/\/www.europesays.com\/fr\/1157586\/"},"modified":"2026-08-30T15:56:15","modified_gmt":"2026-08-30T15:56:15","slug":"luis-enrique-ne-retient-que-du-positif-ligue-1-j2-lille-psg-2-2","status":"publish","type":"post","link":"https:\/\/www.europesays.com\/fr\/1157586\/","title":{"rendered":"Luis Enrique ne retient que du positif &#8211; Ligue 1 &#8211; J2 &#8211; Lille-PSG (2-2)"},"content":{"rendered":"<p>Jusqu\u2019ici tout va bien. <a target=\"_blank\" href=\"https:\/\/www.sofoot.com\/articles\/ligue-1-lille-accroche-par-un-laborieux-psg\" rel=\"noopener nofollow\">Miracul\u00e9 \u00e0 Lille vendredi soir<\/a>, comme une semaine plus t\u00f4t \u00e0 Rennes, <strong>le PSG avance \u00e0 t\u00e2tons en ce d\u00e9but de saison. Pas de quoi inqui\u00e9ter Luis Enrique<\/strong>, qui assure qu\u2019il a aim\u00e9 le contenu propos\u00e9 par ses joueurs dans le Nord. \u00ab\u202fJe suis content, et je pense que j\u2019aurais fait la m\u00eame d\u00e9claration si on avait perdu 2-1, parce que je ne pense que le r\u00e9sultat aurait \u00e9t\u00e9 juste, a-t-il affirm\u00e9 en conf\u00e9rence de presse. Je pense qu\u2019on a am\u00e9lior\u00e9 notre performance par rapport au dernier match. On a fait moins d\u2019erreurs et le r\u00e9sultat \u00e0 la fin est positif.\u202f\u00bb<\/p>\n<p>Un point de plus que la saison derni\u00e8re<\/p>\n<p><strong>Deux points en deux journ\u00e9es, c\u2019est exactement le m\u00eame d\u00e9part qu\u2019avait pris l\u2019Asturien lors de sa premi\u00e8re saison dans la capitale<\/strong> avec des nuls contre Lorient (0-0), puis \u00e0 Toulouse (1-1). Le plus faible total du club depuis 2011. Mais comme d\u2019habitude, l\u2019int\u00e9ress\u00e9 a sa propre mani\u00e8re de compter. \u00ab\u202fVous savez combien de points nous avons pris contre Rennes et Lille la saison pass\u00e9e ? Un point ! Donc, c\u2019est tr\u00e8s positif ! s\u2019est-il exclam\u00e9. On a r\u00e9alis\u00e9 une tr\u00e8s bonne premi\u00e8re p\u00e9riode, on a eu trois ou quatre situations. La deuxi\u00e8me p\u00e9riode a \u00e9t\u00e9 pour nous. Lille a marqu\u00e9 un deuxi\u00e8me but et je me suis dit \u00e0 ce moment-l\u00e0 que le football est tr\u00e8s injuste. [\u2026]\u00a0On a besoin de r\u00e9cup\u00e9rer le plus vite possible notre niveau. Je suis content de ce que j\u2019ai vu.\u202f\u00bb<\/p>\n<p><a target=\"_blank\" href=\"https:\/\/www.sofoot.com\/articles\/en-ligue-1-un-grand-monaco-contrarie-le-psg\" rel=\"noopener nofollow\">Un point contre Monaco vendredi prochain<\/a> serait donc encore la preuve que les miracles existent.<\/p>\n<p>\t\t\t\t\t\t\t\t\t\t<a class=\"lien-connexe\" href=\"https:\/\/www.sofoot.com\/breves\/real-inter-comme-choc-douverture-du-lourd-des-la-deuxieme-journee-pour-les-clubs-francais-le-calendrier-de-la-ligue-des-champions-est-sorti\" rel=\"nofollow noopener\" target=\"_blank\">Le calendrier de la Ligue des champions est sorti<\/a>\t\t\t\t\t <\/p>\n<p>\t\t\t\t\t\t\tCommentaires<br \/>\n\t\t\t\t\t\t\t\tLes membres ont post\u00e9<br \/>\n\t\t\t\t\t\t\t\t9 commentaires<br \/>\n\t\t\t\t\t\t\t\tsur cet article.<br \/>\n\t\t\t\t\t\t\t\tParticipez \u00e0 la discussion<br \/>\n\t\t\t\t\t\t\t\t\t<a href=\"http:\/\/www.sofoot.com\/compte?back=https:\/\/www.sofoot.com\/breves\/luis-enrique-ne-retient-que-du-positif-apres-le-nul-arrache-par-le-psg-a-lille\" rel=\"nofollow noopener\" target=\"_blank\"><br \/>\n\t\t\t\t\t\t\t\t\t\t<b>en vous connectant<\/b><br \/>\n\t\t\t\t\t\t\t\t\t<\/a>.<\/p>\n<p>\t\t\t\t\t\t\t\tVoir les<br \/>\n\t\t\t\t\t\t\t\t\t\t\t\t\t\t\t\t\t9<br \/>\n\t\t\t\t\t\t\t\t\t\t\t\t\t\t\t\tcommentaires<\/p>\n","protected":false},"excerpt":{"rendered":"Jusqu\u2019ici tout va bien. Miracul\u00e9 \u00e0 Lille vendredi soir, comme une semaine plus t\u00f4t \u00e0 Rennes, le PSG&hellip;\n","protected":false},"author":2,"featured_media":1157587,"comment_status":"","ping_status":"","sticky":false,"template":"","format":"standard","meta":{"footnotes":"","_share_on_mastodon":"0"},"categories":[2815],"tags":[1111,47,11,61,69,65,64,1777,674,63,1011,27,811,68,66,1307,12,62,70,25,67],"class_list":["post-1157586","post","type-post","status-publish","format-standard","has-post-thumbnail","category-lille","tag-actu","tag-actualite","tag-actualites","tag-actus-football","tag-bundesliga","tag-championnats-europeens","tag-equipe-de-france","tag-eu","tag-europe","tag-football","tag-fr","tag-france","tag-hauts-de-france","tag-ligua","tag-ligue-1","tag-lille","tag-news","tag-news-foot","tag-premier-league","tag-republique-francaise","tag-serie-a"],"share_on_mastodon":{"url":"https:\/\/pubeurope.com\/@fr\/117185281250990334","error":""},"_links":{"self":[{"href":"https:\/\/www.europesays.com\/fr\/wp-json\/wp\/v2\/posts\/1157586","targetHints":{"allow":["GET"]}}],"collection":[{"href":"https:\/\/www.europesays.com\/fr\/wp-json\/wp\/v2\/posts"}],"about":[{"href":"https:\/\/www.europesays.com\/fr\/wp-json\/wp\/v2\/types\/post"}],"author":[{"embeddable":true,"href":"https:\/\/www.europesays.com\/fr\/wp-json\/wp\/v2\/users\/2"}],"replies":[{"embeddable":true,"href":"https:\/\/www.europesays.com\/fr\/wp-json\/wp\/v2\/comments?post=1157586"}],"version-history":[{"count":0,"href":"https:\/\/www.europesays.com\/fr\/wp-json\/wp\/v2\/posts\/1157586\/revisions"}],"wp:featuredmedia":[{"embeddable":true,"href":"https:\/\/www.europesays.com\/fr\/wp-json\/wp\/v2\/media\/1157587"}],"wp:attachment":[{"href":"https:\/\/www.europesays.com\/fr\/wp-json\/wp\/v2\/media?parent=1157586"}],"wp:term":[{"taxonomy":"category","embeddable":true,"href":"https:\/\/www.europesays.com\/fr\/wp-json\/wp\/v2\/categories?post=1157586"},{"taxonomy":"post_tag","embeddable":true,"href":"https:\/\/www.europesays.com\/fr\/wp-json\/wp\/v2\/tags?post=1157586"}],"curies":[{"name":"wp","href":"https:\/\/api.w.org\/{rel}","templated":true}]}}