{"id":1157588,"date":"2026-08-30T15:57:21","date_gmt":"2026-08-30T15:57:21","guid":{"rendered":"https:\/\/www.europesays.com\/fr\/1157588\/"},"modified":"2026-08-30T15:57:21","modified_gmt":"2026-08-30T15:57:21","slug":"marseille-1944-2026-la-jeunesse-porte-la-memoire-de-la-liberation","status":"publish","type":"post","link":"https:\/\/www.europesays.com\/fr\/1157588\/","title":{"rendered":"Marseille 1944-2026 : la jeunesse porte la m\u00e9moire de la Lib\u00e9ration"},"content":{"rendered":"<p>Une jeunesse qui ne peut plus se cacher. Pour les 82\u00a0ans de la Lib\u00e9ration de Marseille et la capitulation de la garnison allemande le 28\u00a0ao\u00fbt\u00a01944, le public \u00e9tait dense et les curieux nombreux autour des rambardes qui encadraient le <a href=\"https:\/\/www.laprovence.com\/article\/region\/3465984949429314\/en-images-ceremonie-defile-militaire-vivez-la-commemoration-des-80-ans-de-la-liberation-de-marseille\" target=\"_self\" rel=\"nofollow noopener\">Char Jeanne d\u2019Arc<\/a>, ce dimanche 30\u00a0ao\u00fbt. Si Beno\u00eet Payan, maire de la ville, a invit\u00e9 les Marseillais \u00e0 se rassembler au pied de Notre-Dame de la Garde, symbole d\u2019espoir et de r\u00e9sistance, c\u2019est surtout l\u2019engagement des jeunes qui a illumin\u00e9 la c\u00e9r\u00e9monie.<\/p>\n<p>La rel\u00e8ve des porte-drapeaux<\/p>\n<p>Baptiste, 20\u00a0ans, venu du Gers, et Dani, 21\u00a0ans, de la Valbarelle, \u00e9taient intrigu\u00e9s\u00a0: \u00ab\u00a0On voulait savoir comment se d\u00e9roulait une comm\u00e9moration.\u00a0\u00bb La curiosit\u00e9 de ces deux services volontaires refl\u00e8te celle d\u2019une jeunesse de plus en plus impliqu\u00e9e. Lisette Narducci, adjointe aux m\u00e9moires et aux anciens combattants, le confirme\u00a0: \u00ab\u00a0Je veux les voir sur le devant de la sc\u00e8ne, ces jeunes. Ils sont tr\u00e8s investis. Sans eux, il n\u2019y aurait plus de porte-drapeaux, car c\u2019est chaque ann\u00e9e que les plus \u00e2g\u00e9s d\u2019entre eux nous quittent.\u00a0\u00bb<\/p>\n","protected":false},"excerpt":{"rendered":"Une jeunesse qui ne peut plus se cacher. Pour les 82\u00a0ans de la Lib\u00e9ration de Marseille et la&hellip;\n","protected":false},"author":2,"featured_media":1157589,"comment_status":"","ping_status":"","sticky":false,"template":"","format":"standard","meta":{"footnotes":"","_share_on_mastodon":"0"},"categories":[2814],"tags":[118653,5734,1111,11,1777,674,1011,27,4075,9985,884,280,12,5396,882,16,25],"class_list":["post-1157588","post","type-post","status-publish","format-standard","has-post-thumbnail","category-marseille","tag-1944-2026","tag-5734","tag-actu","tag-actualites","tag-eu","tag-europe","tag-fr","tag-france","tag-jeunesse","tag-liberation","tag-marseille","tag-memoire","tag-news","tag-porte","tag-provence-alpes-cote-dazur","tag-region","tag-republique-francaise"],"share_on_mastodon":{"url":"https:\/\/pubeurope.com\/@fr\/117185285170275601","error":""},"_links":{"self":[{"href":"https:\/\/www.europesays.com\/fr\/wp-json\/wp\/v2\/posts\/1157588","targetHints":{"allow":["GET"]}}],"collection":[{"href":"https:\/\/www.europesays.com\/fr\/wp-json\/wp\/v2\/posts"}],"about":[{"href":"https:\/\/www.europesays.com\/fr\/wp-json\/wp\/v2\/types\/post"}],"author":[{"embeddable":true,"href":"https:\/\/www.europesays.com\/fr\/wp-json\/wp\/v2\/users\/2"}],"replies":[{"embeddable":true,"href":"https:\/\/www.europesays.com\/fr\/wp-json\/wp\/v2\/comments?post=1157588"}],"version-history":[{"count":0,"href":"https:\/\/www.europesays.com\/fr\/wp-json\/wp\/v2\/posts\/1157588\/revisions"}],"wp:featuredmedia":[{"embeddable":true,"href":"https:\/\/www.europesays.com\/fr\/wp-json\/wp\/v2\/media\/1157589"}],"wp:attachment":[{"href":"https:\/\/www.europesays.com\/fr\/wp-json\/wp\/v2\/media?parent=1157588"}],"wp:term":[{"taxonomy":"category","embeddable":true,"href":"https:\/\/www.europesays.com\/fr\/wp-json\/wp\/v2\/categories?post=1157588"},{"taxonomy":"post_tag","embeddable":true,"href":"https:\/\/www.europesays.com\/fr\/wp-json\/wp\/v2\/tags?post=1157588"}],"curies":[{"name":"wp","href":"https:\/\/api.w.org\/{rel}","templated":true}]}}