{"id":1157591,"date":"2026-08-30T16:00:23","date_gmt":"2026-08-30T16:00:23","guid":{"rendered":"https:\/\/www.europesays.com\/fr\/1157591\/"},"modified":"2026-08-30T16:00:23","modified_gmt":"2026-08-30T16:00:23","slug":"lyon-et-le-rhone-en-vigilance-jaune-aux-orages-ce-dimanche","status":"publish","type":"post","link":"https:\/\/www.europesays.com\/fr\/1157591\/","title":{"rendered":"Lyon et le Rh\u00f4ne en vigilance jaune aux orages ce dimanche"},"content":{"rendered":"<p itemprop=\"description\"><strong>La M\u00e9tropole de Lyon et le Rh\u00f4ne vont retrouver des orages ce dimanche soir. M\u00e9t\u00e9o France a activ\u00e9 la vigilance jaune.<\/strong><\/p>\n<p>Apr\u00e8s le court mais violent orage de vendredi matin qui avait provoqu\u00e9 des d\u00e9g\u00e2ts avec de nombreuses chutes de branches, le Rh\u00f4ne et l&rsquo;agglom\u00e9ration lyonnaise vont de nouveau subir des intemp\u00e9ries dans la nuit de dimanche \u00e0 lundi.<\/p>\n<p>M\u00e9t\u00e9o France a plac\u00e9 le d\u00e9partement en vigilance jaune orage.\u00a0 Elle d\u00e9butera dimanche \u00e0 20h et se terminera dans la nuit.<\/p>\n<p>La pr\u00e9fecture incite les habitants \u00e0 anticiper leurs d\u00e9placements et leurs activit\u00e9s.<\/p>\n<p>Les orages devraient d&rsquo;abord se concentrer sur le nord du d\u00e9partement puis descendre le long du Beaujolais.<\/p>\n<blockquote class=\"twitter-tweet\"><p>&#13;<\/p>\n<p dir=\"ltr\" lang=\"fr\">Le Rh\u00f4ne et la m\u00e9tropole de Lyon sont plac\u00e9s en vigilance jaune orages par <a href=\"https:\/\/x.com\/meteofrance?ref_src=twsrc%5Etfw\" rel=\"nofollow\">@meteofrance<\/a> \u00e0 partir de 20h jusqu\u2019au milieu de la nuit. <\/p>\n<p>\u26a0\ufe0f Anticipez vos d\u00e9placements et vos activit\u00e9s.<\/p>\n<p>\u2139\ufe0fSuivez l\u2019\u00e9volution de la situation m\u00e9t\u00e9orologique sur <a href=\"https:\/\/t.co\/ABUHWXFmyK\" rel=\"nofollow\">https:\/\/t.co\/ABUHWXFmyK<\/a> <a href=\"https:\/\/t.co\/oKVRALSdhN\" rel=\"nofollow\">pic.twitter.com\/oKVRALSdhN<\/a><\/p>\n<p>&#13;<br \/>\n\u2014 Pr\u00e9fet de r\u00e9gion Auvergne-Rh\u00f4ne-Alpes et du Rh\u00f4ne (@prefetrhone) <a href=\"https:\/\/x.com\/prefetrhone\/status\/2093958872973103394?ref_src=twsrc%5Etfw\" rel=\"nofollow\">August 30, 2026<\/a><\/p><\/blockquote>\n<p>\t\t  <script async src=\"https:\/\/platform.twitter.com\/widgets.js\" charset=\"utf-8\"><\/script><\/p>\n","protected":false},"excerpt":{"rendered":"La M\u00e9tropole de Lyon et le Rh\u00f4ne vont retrouver des orages ce dimanche soir. M\u00e9t\u00e9o France a activ\u00e9&hellip;\n","protected":false},"author":2,"featured_media":1157592,"comment_status":"","ping_status":"","sticky":false,"template":"","format":"standard","meta":{"footnotes":"","_share_on_mastodon":"0"},"categories":[1889],"tags":[1111,11,2813,2190,2430,1109,251,1112,2811,1777,674,118,1011,27,1922,1110,1114,2428,2810,12,241,316,25,2812,517,800],"class_list":["post-1157591","post","type-post","status-publish","format-standard","has-post-thumbnail","category-lyon","tag-actu","tag-actualites","tag-article","tag-asvel","tag-auvergne-rhone-alpes","tag-breves","tag-culture","tag-depeches","tag-economique","tag-eu","tag-europe","tag-faits-divers","tag-fr","tag-france","tag-info","tag-informations","tag-infos","tag-lyon","tag-lyonmag","tag-news","tag-ol","tag-politique","tag-republique-francaise","tag-sociale","tag-sport","tag-transports"],"share_on_mastodon":{"url":"https:\/\/pubeurope.com\/@fr\/117185296947760375","error":""},"_links":{"self":[{"href":"https:\/\/www.europesays.com\/fr\/wp-json\/wp\/v2\/posts\/1157591","targetHints":{"allow":["GET"]}}],"collection":[{"href":"https:\/\/www.europesays.com\/fr\/wp-json\/wp\/v2\/posts"}],"about":[{"href":"https:\/\/www.europesays.com\/fr\/wp-json\/wp\/v2\/types\/post"}],"author":[{"embeddable":true,"href":"https:\/\/www.europesays.com\/fr\/wp-json\/wp\/v2\/users\/2"}],"replies":[{"embeddable":true,"href":"https:\/\/www.europesays.com\/fr\/wp-json\/wp\/v2\/comments?post=1157591"}],"version-history":[{"count":0,"href":"https:\/\/www.europesays.com\/fr\/wp-json\/wp\/v2\/posts\/1157591\/revisions"}],"wp:featuredmedia":[{"embeddable":true,"href":"https:\/\/www.europesays.com\/fr\/wp-json\/wp\/v2\/media\/1157592"}],"wp:attachment":[{"href":"https:\/\/www.europesays.com\/fr\/wp-json\/wp\/v2\/media?parent=1157591"}],"wp:term":[{"taxonomy":"category","embeddable":true,"href":"https:\/\/www.europesays.com\/fr\/wp-json\/wp\/v2\/categories?post=1157591"},{"taxonomy":"post_tag","embeddable":true,"href":"https:\/\/www.europesays.com\/fr\/wp-json\/wp\/v2\/tags?post=1157591"}],"curies":[{"name":"wp","href":"https:\/\/api.w.org\/{rel}","templated":true}]}}