{"id":1157612,"date":"2026-08-30T16:13:17","date_gmt":"2026-08-30T16:13:17","guid":{"rendered":"https:\/\/www.europesays.com\/fr\/1157612\/"},"modified":"2026-08-30T16:13:17","modified_gmt":"2026-08-30T16:13:17","slug":"dapres-lallemagne-krosche-quitte-leintracht-francfort-il-y-a-le-milan","status":"publish","type":"post","link":"https:\/\/www.europesays.com\/fr\/1157612\/","title":{"rendered":"D\u2019apr\u00e8s l\u2019Allemagne, Krosche quitte l\u2019Eintracht Francfort : il y a le Milan"},"content":{"rendered":"<p>Markus <b><strong>Krosche <\/strong><\/b>se pr\u00e9pare \u00e0 quitter l&rsquo;<b><strong>Eintracht Francfort<\/strong><\/b> et pourrait int\u00e9grer l&rsquo;organigramme du <b><strong>Milan <\/strong><\/b>d\u00e8s septembre : les possibles changements dans la structure dirigeante de l&rsquo;AC Milan, qui auront des implications claires pour l&rsquo;avenir de l&rsquo;\u00e9quipe, risquent d&rsquo;\u00eatre anticip\u00e9s par rapport \u00e0 ce que l&rsquo;on pouvait penser, selon ce qui est rapport\u00e9 depuis l&rsquo;Allemagne.<\/p>\n","protected":false},"excerpt":{"rendered":"Markus Krosche se pr\u00e9pare \u00e0 quitter l&rsquo;Eintracht Francfort et pourrait int\u00e9grer l&rsquo;organigramme du Milan d\u00e8s septembre : les&hellip;\n","protected":false},"author":2,"featured_media":1157613,"comment_status":"","ping_status":"","sticky":false,"template":"","format":"standard","meta":{"footnotes":"","_share_on_mastodon":"0"},"categories":[1587],"tags":[30513,11,672,1804,1805,1803,1777,674,1801,967,12,1802],"class_list":["post-1157612","post","type-post","status-publish","format-standard","has-post-thumbnail","category-allemagne","tag-ac-milan","tag-actualites","tag-allemagne","tag-bundesrepublik-deutschland","tag-de","tag-deutschland","tag-eu","tag-europe","tag-germany","tag-milan-ac","tag-news","tag-republique-federale-dallemagne"],"share_on_mastodon":{"url":"https:\/\/pubeurope.com\/@fr\/117185347958180826","error":""},"_links":{"self":[{"href":"https:\/\/www.europesays.com\/fr\/wp-json\/wp\/v2\/posts\/1157612","targetHints":{"allow":["GET"]}}],"collection":[{"href":"https:\/\/www.europesays.com\/fr\/wp-json\/wp\/v2\/posts"}],"about":[{"href":"https:\/\/www.europesays.com\/fr\/wp-json\/wp\/v2\/types\/post"}],"author":[{"embeddable":true,"href":"https:\/\/www.europesays.com\/fr\/wp-json\/wp\/v2\/users\/2"}],"replies":[{"embeddable":true,"href":"https:\/\/www.europesays.com\/fr\/wp-json\/wp\/v2\/comments?post=1157612"}],"version-history":[{"count":0,"href":"https:\/\/www.europesays.com\/fr\/wp-json\/wp\/v2\/posts\/1157612\/revisions"}],"wp:featuredmedia":[{"embeddable":true,"href":"https:\/\/www.europesays.com\/fr\/wp-json\/wp\/v2\/media\/1157613"}],"wp:attachment":[{"href":"https:\/\/www.europesays.com\/fr\/wp-json\/wp\/v2\/media?parent=1157612"}],"wp:term":[{"taxonomy":"category","embeddable":true,"href":"https:\/\/www.europesays.com\/fr\/wp-json\/wp\/v2\/categories?post=1157612"},{"taxonomy":"post_tag","embeddable":true,"href":"https:\/\/www.europesays.com\/fr\/wp-json\/wp\/v2\/tags?post=1157612"}],"curies":[{"name":"wp","href":"https:\/\/api.w.org\/{rel}","templated":true}]}}