{"id":1157618,"date":"2026-08-30T16:17:28","date_gmt":"2026-08-30T16:17:28","guid":{"rendered":"https:\/\/www.europesays.com\/fr\/1157618\/"},"modified":"2026-08-30T16:17:28","modified_gmt":"2026-08-30T16:17:28","slug":"en-direct-presidentielle-2027-lavenir-nest-jamais-ecrit-lance-edouard-philippe-a-tourcoing","status":"publish","type":"post","link":"https:\/\/www.europesays.com\/fr\/1157618\/","title":{"rendered":"EN DIRECT &#8211; Pr\u00e9sidentielle 2027 : \u00ab\u00a0L&rsquo;avenir n&rsquo;est jamais \u00e9crit\u00a0\u00bb, lance \u00c9douard Philippe \u00e0 Tourcoing"},"content":{"rendered":"<p>Le pouvoir d&rsquo;achat des enseignants \u00ab\u00a0s&rsquo;est consid\u00e9rablement d\u00e9grad\u00e9 en 30 ans\u00a0\u00bb, estime Jean-R\u00e9mi Girard, pr\u00e9sident du syndicat d&rsquo;enseignants Snalc, qui s&rsquo;est dit sceptique face aux promesses d&rsquo;augmentation salariale formul\u00e9es par certains candidats \u00e0 l&rsquo;\u00e9lection pr\u00e9sidentielle, \u00ab\u00a0d\u00e9j\u00e0 entendues en 2022 et 2017\u00a0\u00bb.<\/p>\n<p>Le dirigeant du Syndicat national des lyc\u00e9es, coll\u00e8ges, \u00e9coles et du sup\u00e9rieur \u00e9tait interrog\u00e9 dimanche sur RMC sur les propositions d&rsquo;augmentations salariales des enseignants, rendues publiques par deux candidats \u00e0 l&rsquo;\u00c9lys\u00e9e en 2027, Gabriel Attal (Renaissance) et \u00c9douard Philippe (Horizons) ces derniers jours.<\/p>\n<p>\u00ab\u00a0Ces propositions, on les a d\u00e9j\u00e0 entendues en 2022 et en 2017, c&rsquo;est tout le temps cette id\u00e9e qu&rsquo;il faut revaloriser les profs, et puis au moment (de le faire) c&rsquo;est : &lsquo;Ah, mais le budget, vous comprenez, il faut faire des choix'\u00a0\u00bb, a-t-il dit.<\/p>\n<p>\u00ab\u00a0On va augmenter un petit peu le d\u00e9but de carri\u00e8re pour donner un peu d&rsquo;attractivit\u00e9, puis les gens qui ont 40-50 ans, on va les laisser tranquillement sur leur plateau\u00a0\u00bb, a ajout\u00e9 le professeur de fran\u00e7ais.<\/p>\n","protected":false},"excerpt":{"rendered":"Le pouvoir d&rsquo;achat des enseignants \u00ab\u00a0s&rsquo;est consid\u00e9rablement d\u00e9grad\u00e9 en 30 ans\u00a0\u00bb, estime Jean-R\u00e9mi Girard, pr\u00e9sident du syndicat d&rsquo;enseignants&hellip;\n","protected":false},"author":2,"featured_media":1157619,"comment_status":"","ping_status":"","sticky":false,"template":"","format":"standard","meta":{"footnotes":"","_share_on_mastodon":"0"},"categories":[2],"tags":[1111,11,1921,3080,3079,117716,1011,27,432,1922,47720,12,25,133,4530,14843],"class_list":["post-1157618","post","type-post","status-publish","format-standard","has-post-thumbnail","category-actualites","tag-actu","tag-actualites","tag-article-video","tag-edouard-philippe","tag-election-presidentielle-2027","tag-election-presidentielle-2027-la-course-aux-candidatures-est-lancee","tag-fr","tag-france","tag-gerald-darmanin","tag-info","tag-la-politique","tag-news","tag-republique-francaise","tag-video","tag-video-politique","tag-vie-politique-francaise"],"share_on_mastodon":{"url":"https:\/\/pubeurope.com\/@fr\/117185363817020798","error":""},"_links":{"self":[{"href":"https:\/\/www.europesays.com\/fr\/wp-json\/wp\/v2\/posts\/1157618","targetHints":{"allow":["GET"]}}],"collection":[{"href":"https:\/\/www.europesays.com\/fr\/wp-json\/wp\/v2\/posts"}],"about":[{"href":"https:\/\/www.europesays.com\/fr\/wp-json\/wp\/v2\/types\/post"}],"author":[{"embeddable":true,"href":"https:\/\/www.europesays.com\/fr\/wp-json\/wp\/v2\/users\/2"}],"replies":[{"embeddable":true,"href":"https:\/\/www.europesays.com\/fr\/wp-json\/wp\/v2\/comments?post=1157618"}],"version-history":[{"count":0,"href":"https:\/\/www.europesays.com\/fr\/wp-json\/wp\/v2\/posts\/1157618\/revisions"}],"wp:featuredmedia":[{"embeddable":true,"href":"https:\/\/www.europesays.com\/fr\/wp-json\/wp\/v2\/media\/1157619"}],"wp:attachment":[{"href":"https:\/\/www.europesays.com\/fr\/wp-json\/wp\/v2\/media?parent=1157618"}],"wp:term":[{"taxonomy":"category","embeddable":true,"href":"https:\/\/www.europesays.com\/fr\/wp-json\/wp\/v2\/categories?post=1157618"},{"taxonomy":"post_tag","embeddable":true,"href":"https:\/\/www.europesays.com\/fr\/wp-json\/wp\/v2\/tags?post=1157618"}],"curies":[{"name":"wp","href":"https:\/\/api.w.org\/{rel}","templated":true}]}}