{"id":115763,"date":"2025-05-21T02:16:11","date_gmt":"2025-05-21T02:16:11","guid":{"rendered":"https:\/\/www.europesays.com\/fr\/115763\/"},"modified":"2025-05-21T02:16:11","modified_gmt":"2025-05-21T02:16:11","slug":"om-longoria-benatia-et-de-zerbi-partis-a-la-rencontre-de-mccourt","status":"publish","type":"post","link":"https:\/\/www.europesays.com\/fr\/115763\/","title":{"rendered":"OM. Longoria, Benatia et De Zerbi partis \u00e0 la rencontre de McCourt"},"content":{"rendered":"<p>De <a href=\"https:\/\/www.laprovence.com\/article\/om\/50893642765276\/om-rennes-4-2-ma-volonte-est-de-rester-a-lom-affirme-de-zerbi\" target=\"_blank\" rel=\"nofollow noopener\">Roberto De Zerbi<\/a> \u00e0 <a href=\"https:\/\/www.laprovence.com\/article\/om\/62860258747527\/om-les-certitudes-de-pablo-longoria-sur-lavenir-de-roberto-de-zerbi\" target=\"_blank\" rel=\"nofollow noopener\">Pablo Longoria<\/a>, en passant par <a href=\"https:\/\/www.laprovence.com\/article\/om\/1842047626604915\/om-bilan-de-la-saison-avenir-de-de-zerbi-les-pistes-laporte-et-medina-medhi-benatia-fait-le-point\" target=\"_blank\" rel=\"nofollow noopener\">Medhi Benatia<\/a>, les trois hommes forts de l\u2019OM ont tous \u00e9voqu\u00e9, tour \u00e0 tour, le besoin de se rencontrer pour dresser le bilan de la saison \u00e9coul\u00e9e, <a href=\"https:\/\/www.laprovence.com\/article\/om\/48848677294051\/om-rennes-4-2-une-victoire-comme-cerise-sur-le-gateau-pour-la-derniere-de-la-saison\" target=\"_blank\" rel=\"nofollow noopener\">conclue \u00e0 la 2e place synonyme de retour en Ligue des champions<\/a>, avant de se tourner vers la suite. Ce rendez-vous tant attendu ne va pas se tenir \u00e0 trois mais plut\u00f4t \u00e0 quatre, puisque Frank McCourt sera de la partie. Le pr\u00e9sident, le directeur du football et l\u2019entra\u00eeneur de l\u2019OM se sont envol\u00e9s vers les \u00c9tats-Unis, ce mardi 20\u00a0mai, afin d\u2019aller \u00e0 la rencontre du propri\u00e9taire am\u00e9ricain.<\/p>\n<p><a href=\"https:\/\/www.laprovence.com\/article\/om\/3164002400473314\/info-la-provence-om-frank-mccourt-de-retour-a-marseille-ce-dimanche-pour-la-reception-de-brest\" target=\"_blank\" rel=\"nofollow noopener\">Celui-ci \u00e9tait pourtant \u00e0 Marseille<\/a>, le week-end dernier, \u00e0 l\u2019occasion de la derni\u00e8re rencontre de la saison contre Rennes (4-2). Mais en ce moment, un besoin de s\u2019\u00e9loigner de Marseille se fait sentir et tout ce beau monde va se retrouver dans un cadre plus serein, loin du bouillonnement permanent de la cit\u00e9 phoc\u00e9enne.<\/p>\n<p>\u00ab\u00a0On va faire redescendre l\u2019adr\u00e9naline pour avoir une conversion pos\u00e9e, sans \u00e9motion, seulement dans l\u2019analyse. On doit donner de la continuit\u00e9 aux conversations que l\u2019on a d\u00e9j\u00e0 eues, le tout dans une ambiance diff\u00e9rente en sortant du quotidien\u00a0\u00bb, annon\u00e7ait Longoria au cours de sa conf\u00e9rence programm\u00e9e quelques heures avant ce voyage.<\/p>\n<p>Tous partagent une m\u00eame volont\u00e9 si l\u2019on se fie \u00e0 leurs diff\u00e9rentes d\u00e9clarations\u00a0: poursuivre l\u2019aventure ensemble malgr\u00e9 les nombreuses difficult\u00e9s rencontr\u00e9es tout au long de la saison. Ce s\u00e9jour devrait permettre d\u2019y voir plus clair sur l\u2019avenir en Provence de De Zerbi.<\/p>\n","protected":false},"excerpt":{"rendered":"De Roberto De Zerbi \u00e0 Pablo Longoria, en passant par Medhi Benatia, les trois hommes forts de l\u2019OM&hellip;\n","protected":false},"author":2,"featured_media":115764,"comment_status":"","ping_status":"","sticky":false,"template":"","format":"standard","meta":{"footnotes":""},"categories":[9],"tags":[17,23601,1011,27,23600,14298,149,3848,5486,60,4061],"class_list":{"0":"post-115763","1":"post","2":"type-post","3":"status-publish","4":"format-standard","5":"has-post-thumbnail","7":"category-sports","8":"tag-17","9":"tag-benatia","10":"tag-fr","11":"tag-france","12":"tag-longoria","13":"tag-mccourt","14":"tag-om","15":"tag-partis","16":"tag-rencontre","17":"tag-sports","18":"tag-zerbi"},"share_on_mastodon":{"url":"https:\/\/pubeurope.com\/@fr\/114543419928654249","error":""},"_links":{"self":[{"href":"https:\/\/www.europesays.com\/fr\/wp-json\/wp\/v2\/posts\/115763","targetHints":{"allow":["GET"]}}],"collection":[{"href":"https:\/\/www.europesays.com\/fr\/wp-json\/wp\/v2\/posts"}],"about":[{"href":"https:\/\/www.europesays.com\/fr\/wp-json\/wp\/v2\/types\/post"}],"author":[{"embeddable":true,"href":"https:\/\/www.europesays.com\/fr\/wp-json\/wp\/v2\/users\/2"}],"replies":[{"embeddable":true,"href":"https:\/\/www.europesays.com\/fr\/wp-json\/wp\/v2\/comments?post=115763"}],"version-history":[{"count":0,"href":"https:\/\/www.europesays.com\/fr\/wp-json\/wp\/v2\/posts\/115763\/revisions"}],"wp:featuredmedia":[{"embeddable":true,"href":"https:\/\/www.europesays.com\/fr\/wp-json\/wp\/v2\/media\/115764"}],"wp:attachment":[{"href":"https:\/\/www.europesays.com\/fr\/wp-json\/wp\/v2\/media?parent=115763"}],"wp:term":[{"taxonomy":"category","embeddable":true,"href":"https:\/\/www.europesays.com\/fr\/wp-json\/wp\/v2\/categories?post=115763"},{"taxonomy":"post_tag","embeddable":true,"href":"https:\/\/www.europesays.com\/fr\/wp-json\/wp\/v2\/tags?post=115763"}],"curies":[{"name":"wp","href":"https:\/\/api.w.org\/{rel}","templated":true}]}}